{"id":27781,"date":"2022-05-30T15:41:19","date_gmt":"2022-05-30T13:41:19","guid":{"rendered":"https:\/\/www.feuerwehr-ibbenbueren.de\/?p=27781"},"modified":"2022-05-31T05:50:32","modified_gmt":"2022-05-31T03:50:32","slug":"kleinbrand-2-2-4-3-3-2-2-2-copy-copy-2-copy-2-copy-2-copy-copy-copy-3-copy-2-copy-copy-copy-copy-copy-copy","status":"publish","type":"post","link":"https:\/\/www.feuerwehr-ibbenbueren.de\/?p=27781","title":{"rendered":"Brand klein"},"content":{"rendered":"<p><strong>Einsatzbericht:\u00a0<\/strong>Der Dienstbetrieb wurde mit dem Stichwort &#8222;Brand klein&#8220; alarmiert.<!--more--><\/p>\n<p>Es hatte eine Hecke auf etwa f\u00fcnf Metern L\u00e4nge gebrannt. Das Feuer war bereits von Anwohnern gel\u00f6scht worden.<\/p>\n<p>Kontrolle durch die Feuerwehr, keine weiteren Ma\u00dfnahmen.<\/p>\n","protected":false},"excerpt":{"rendered":"<p>Einsatzbericht:\u00a0Der Dienstbetrieb wurde mit dem Stichwort &#8222;Brand klein&#8220; alarmiert.<\/p>\n","protected":false},"author":2,"featured_media":1831,"comment_status":"open","ping_status":"open","sticky":false,"template":"","format":"standard","meta":{"footnotes":""},"categories":[10,5],"tags":[313,439],"class_list":["post-27781","post","type-post","status-publish","format-standard","has-post-thumbnail","hentry","category-alle-beitraege","category-einsaetze","tag-brand-klein","tag-nur-dienstbetrieb-2022"],"_links":{"self":[{"href":"https:\/\/www.feuerwehr-ibbenbueren.de\/index.php?rest_route=\/wp\/v2\/posts\/27781","targetHints":{"allow":["GET"]}}],"collection":[{"href":"https:\/\/www.feuerwehr-ibbenbueren.de\/index.php?rest_route=\/wp\/v2\/posts"}],"about":[{"href":"https:\/\/www.feuerwehr-ibbenbueren.de\/index.php?rest_route=\/wp\/v2\/types\/post"}],"author":[{"embeddable":true,"href":"https:\/\/www.feuerwehr-ibbenbueren.de\/index.php?rest_route=\/wp\/v2\/users\/2"}],"replies":[{"embeddable":true,"href":"https:\/\/www.feuerwehr-ibbenbueren.de\/index.php?rest_route=%2Fwp%2Fv2%2Fcomments&post=27781"}],"version-history":[{"count":3,"href":"https:\/\/www.feuerwehr-ibbenbueren.de\/index.php?rest_route=\/wp\/v2\/posts\/27781\/revisions"}],"predecessor-version":[{"id":27784,"href":"https:\/\/www.feuerwehr-ibbenbueren.de\/index.php?rest_route=\/wp\/v2\/posts\/27781\/revisions\/27784"}],"wp:featuredmedia":[{"embeddable":true,"href":"https:\/\/www.feuerwehr-ibbenbueren.de\/index.php?rest_route=\/wp\/v2\/media\/1831"}],"wp:attachment":[{"href":"https:\/\/www.feuerwehr-ibbenbueren.de\/index.php?rest_route=%2Fwp%2Fv2%2Fmedia&parent=27781"}],"wp:term":[{"taxonomy":"category","embeddable":true,"href":"https:\/\/www.feuerwehr-ibbenbueren.de\/index.php?rest_route=%2Fwp%2Fv2%2Fcategories&post=27781"},{"taxonomy":"post_tag","embeddable":true,"href":"https:\/\/www.feuerwehr-ibbenbueren.de\/index.php?rest_route=%2Fwp%2Fv2%2Ftags&post=27781"}],"curies":[{"name":"wp","href":"https:\/\/api.w.org\/{rel}","templated":true}]}}