{"id":27800,"date":"2022-06-01T12:25:15","date_gmt":"2022-06-01T10:25:15","guid":{"rendered":"https:\/\/www.feuerwehr-ibbenbueren.de\/?p=27800"},"modified":"2022-06-01T18:27:11","modified_gmt":"2022-06-01T16:27:11","slug":"betriebsstoffe-aufnehmen-2-2-2-2-4-2-2-2-2-2-2-4-2-2-5-2-2-4-3-2-2-2-2-2-2-2-2-2-3-copy-2-copy-copy-copy-copy-copy-copy-3-copy-2-copy-copy-2-copy-copy-copy-copy-2-copy-2-copy-copy-2-copy-2-copy-cop-23","status":"publish","type":"post","link":"https:\/\/www.feuerwehr-ibbenbueren.de\/?p=27800","title":{"rendered":"Brand mittel &#8211; Feldstra\u00dfe"},"content":{"rendered":"<p><strong>Einsatzbericht:\u00a0<\/strong>Der Dienstbetrieb und der L\u00f6schzug Stadtmitte 2 wurden mit dem Stichwort &#8222;Brand mittel&#8220; zur Feldstra\u00dfe gerufen.<br \/>\n<!--more--><\/p>\n<p>Bei Eintreffen der Einsatzkr\u00e4fte brannten in Geb\u00e4uden\u00e4he &#8222;2m\u00b2 Lebensbaum&#8220;. Das Feuer wurde gel\u00f6scht und die Einsatzstelle dem Betreiber \u00fcbergeben.<\/p>\n","protected":false},"excerpt":{"rendered":"<p>Einsatzbericht:\u00a0Der Dienstbetrieb und der L\u00f6schzug Stadtmitte 2 wurden mit dem Stichwort &#8222;Brand mittel&#8220; zur Feldstra\u00dfe gerufen.<\/p>\n","protected":false},"author":3,"featured_media":3023,"comment_status":"open","ping_status":"open","sticky":false,"template":"","format":"standard","meta":{"footnotes":""},"categories":[10,5],"tags":[241,440,442],"class_list":["post-27800","post","type-post","status-publish","format-standard","has-post-thumbnail","hentry","category-alle-beitraege","category-einsaetze","tag-brand-mittel","tag-dienstbetrieb-2022","tag-stadtmitte-2-2022"],"_links":{"self":[{"href":"https:\/\/www.feuerwehr-ibbenbueren.de\/index.php?rest_route=\/wp\/v2\/posts\/27800","targetHints":{"allow":["GET"]}}],"collection":[{"href":"https:\/\/www.feuerwehr-ibbenbueren.de\/index.php?rest_route=\/wp\/v2\/posts"}],"about":[{"href":"https:\/\/www.feuerwehr-ibbenbueren.de\/index.php?rest_route=\/wp\/v2\/types\/post"}],"author":[{"embeddable":true,"href":"https:\/\/www.feuerwehr-ibbenbueren.de\/index.php?rest_route=\/wp\/v2\/users\/3"}],"replies":[{"embeddable":true,"href":"https:\/\/www.feuerwehr-ibbenbueren.de\/index.php?rest_route=%2Fwp%2Fv2%2Fcomments&post=27800"}],"version-history":[{"count":1,"href":"https:\/\/www.feuerwehr-ibbenbueren.de\/index.php?rest_route=\/wp\/v2\/posts\/27800\/revisions"}],"predecessor-version":[{"id":27801,"href":"https:\/\/www.feuerwehr-ibbenbueren.de\/index.php?rest_route=\/wp\/v2\/posts\/27800\/revisions\/27801"}],"wp:featuredmedia":[{"embeddable":true,"href":"https:\/\/www.feuerwehr-ibbenbueren.de\/index.php?rest_route=\/wp\/v2\/media\/3023"}],"wp:attachment":[{"href":"https:\/\/www.feuerwehr-ibbenbueren.de\/index.php?rest_route=%2Fwp%2Fv2%2Fmedia&parent=27800"}],"wp:term":[{"taxonomy":"category","embeddable":true,"href":"https:\/\/www.feuerwehr-ibbenbueren.de\/index.php?rest_route=%2Fwp%2Fv2%2Fcategories&post=27800"},{"taxonomy":"post_tag","embeddable":true,"href":"https:\/\/www.feuerwehr-ibbenbueren.de\/index.php?rest_route=%2Fwp%2Fv2%2Ftags&post=27800"}],"curies":[{"name":"wp","href":"https:\/\/api.w.org\/{rel}","templated":true}]}}