{"id":2796,"date":"2015-03-07T13:47:00","date_gmt":"2015-03-07T12:47:00","guid":{"rendered":"http:\/\/www.feuerwehr-ibbenbueren.de\/?p=2796"},"modified":"2015-10-15T11:10:40","modified_gmt":"2015-10-15T09:10:40","slug":"verkehrsunfall-eingeklemmtep-4","status":"publish","type":"post","link":"https:\/\/www.feuerwehr-ibbenbueren.de\/?p=2796","title":{"rendered":"eingeklemmte Person"},"content":{"rendered":"<p><strong>Einsatzbericht:\u00a0<\/strong>Die Feuerwehr Ibbenb\u00fcren wurde am Samstagnachmittag zu einem Verkehrsunfall im Ortsteil P\u00fcsselb\u00fcren gerufen. Beim Eintreffen der ersten Einsatzkr\u00e4fte stellte sich heraus, dass keine Person mehr in den zwei <!--more--><\/p>\n<p>beteiligten Pkw eingeklemmt war.<br \/>\nDurch die Feuerwehr wurde die Einsatzstelle abgesichert. Des Weiteren wurden die Fahrzeugbatterien abgeklemmt und ausgelaufene Betriebsstoffe abgestreut. Die Einsatzstelle wurde anschlie\u00dfend der Polizei \u00fcbergeben.<br \/>\n<a href=\"http:\/\/www.ivz-aktuell.de\/lokales\/ibbenbueren_artikel,-Zwei-Fahrer-nach-Unfall-im-Krankenhaus-_arid,441307.html\">Link zum Bericht auf ivz-aktuell.de<\/a><\/p>\n<p>&nbsp;<\/p>\n\n\t\t<div id='gallery-1' class='gallery galleryid-2796 gallery-columns-4 gallery-size-thumbnail gallery1'><script type=\"text\/javascript\">\r\n\/\/ <![CDATA[\r\n\tjQuery(document).ready(function () {\r\n\t\tjQuery(\".gallery1 a\").attr(\"rel\",\"gallery1\");\t\r\n\t\tjQuery('a[rel=\"gallery1\"]').colorbox({maxWidth:\"95%\", maxHeight:\"95%\",title: function(){ return jQuery(this).children().attr(\"alt\"); }, });\r\n\t});\r\n\/\/ ]]>\r\n<\/script>\n<dl class=\"gallery-item\">\n<dt class=\"gallery-icon\">\r\n<a href=\"https:\/\/www.feuerwehr-ibbenbueren.de\/wp-content\/uploads\/2015\/10\/Personklemmt0315001.jpg\" title=\"\" rel=\"gallery1\"><img loading=\"lazy\" decoding=\"async\" src=\"https:\/\/www.feuerwehr-ibbenbueren.de\/wp-content\/uploads\/2015\/10\/Personklemmt0315001-150x150.jpg\" width=\"150\" height=\"150\" alt=\"\" \/><\/a>\r\n<\/dt><\/dl><dl class=\"gallery-item\">\n<dt class=\"gallery-icon\">\r\n<a href=\"https:\/\/www.feuerwehr-ibbenbueren.de\/wp-content\/uploads\/2015\/10\/Personklemmt0315002.jpg\" title=\"\" rel=\"gallery1\"><img loading=\"lazy\" decoding=\"async\" src=\"https:\/\/www.feuerwehr-ibbenbueren.de\/wp-content\/uploads\/2015\/10\/Personklemmt0315002-150x150.jpg\" width=\"150\" height=\"150\" alt=\"\" \/><\/a>\r\n<\/dt><\/dl><dl class=\"gallery-item\">\n<dt class=\"gallery-icon\">\r\n<a href=\"https:\/\/www.feuerwehr-ibbenbueren.de\/wp-content\/uploads\/2015\/10\/Personklemmt0315003.jpg\" title=\"\" rel=\"gallery1\"><img loading=\"lazy\" decoding=\"async\" src=\"https:\/\/www.feuerwehr-ibbenbueren.de\/wp-content\/uploads\/2015\/10\/Personklemmt0315003-150x150.jpg\" width=\"150\" height=\"150\" alt=\"\" \/><\/a>\r\n<\/dt><\/dl><dl class=\"gallery-item\">\n<dt class=\"gallery-icon\">\r\n<a href=\"https:\/\/www.feuerwehr-ibbenbueren.de\/wp-content\/uploads\/2015\/10\/Personklemmt0315004.jpg\" title=\"\" rel=\"gallery1\"><img loading=\"lazy\" decoding=\"async\" src=\"https:\/\/www.feuerwehr-ibbenbueren.de\/wp-content\/uploads\/2015\/10\/Personklemmt0315004-150x150.jpg\" width=\"150\" height=\"150\" alt=\"\" \/><\/a>\r\n<\/dt><\/dl><br style=\"clear: both\" \/>\r\n\t\t<\/div>\n\n<p>&nbsp;<\/p>\n","protected":false},"excerpt":{"rendered":"<p>Einsatzbericht:\u00a0Die Feuerwehr Ibbenb\u00fcren wurde am Samstagnachmittag zu einem Verkehrsunfall im Ortsteil P\u00fcsselb\u00fcren gerufen. Beim Eintreffen der ersten Einsatzkr\u00e4fte stellte sich heraus, dass keine Person mehr in den zwei<\/p>\n","protected":false},"author":7,"featured_media":2798,"comment_status":"open","ping_status":"open","sticky":false,"template":"","format":"standard","meta":{"footnotes":""},"categories":[10,5],"tags":[65,60,73,74],"class_list":["post-2796","post","type-post","status-publish","format-standard","has-post-thumbnail","hentry","category-alle-beitraege","category-einsaetze","tag-dienstbetrieb","tag-stadtmitte-1","tag-th","tag-vu"],"_links":{"self":[{"href":"https:\/\/www.feuerwehr-ibbenbueren.de\/index.php?rest_route=\/wp\/v2\/posts\/2796","targetHints":{"allow":["GET"]}}],"collection":[{"href":"https:\/\/www.feuerwehr-ibbenbueren.de\/index.php?rest_route=\/wp\/v2\/posts"}],"about":[{"href":"https:\/\/www.feuerwehr-ibbenbueren.de\/index.php?rest_route=\/wp\/v2\/types\/post"}],"author":[{"embeddable":true,"href":"https:\/\/www.feuerwehr-ibbenbueren.de\/index.php?rest_route=\/wp\/v2\/users\/7"}],"replies":[{"embeddable":true,"href":"https:\/\/www.feuerwehr-ibbenbueren.de\/index.php?rest_route=%2Fwp%2Fv2%2Fcomments&post=2796"}],"version-history":[{"count":2,"href":"https:\/\/www.feuerwehr-ibbenbueren.de\/index.php?rest_route=\/wp\/v2\/posts\/2796\/revisions"}],"predecessor-version":[{"id":2802,"href":"https:\/\/www.feuerwehr-ibbenbueren.de\/index.php?rest_route=\/wp\/v2\/posts\/2796\/revisions\/2802"}],"wp:featuredmedia":[{"embeddable":true,"href":"https:\/\/www.feuerwehr-ibbenbueren.de\/index.php?rest_route=\/wp\/v2\/media\/2798"}],"wp:attachment":[{"href":"https:\/\/www.feuerwehr-ibbenbueren.de\/index.php?rest_route=%2Fwp%2Fv2%2Fmedia&parent=2796"}],"wp:term":[{"taxonomy":"category","embeddable":true,"href":"https:\/\/www.feuerwehr-ibbenbueren.de\/index.php?rest_route=%2Fwp%2Fv2%2Fcategories&post=2796"},{"taxonomy":"post_tag","embeddable":true,"href":"https:\/\/www.feuerwehr-ibbenbueren.de\/index.php?rest_route=%2Fwp%2Fv2%2Ftags&post=2796"}],"curies":[{"name":"wp","href":"https:\/\/api.w.org\/{rel}","templated":true}]}}