{"id":2803,"date":"2015-02-20T19:00:57","date_gmt":"2015-02-20T18:00:57","guid":{"rendered":"http:\/\/www.feuerwehr-ibbenbueren.de\/?p=2803"},"modified":"2017-02-03T13:35:37","modified_gmt":"2017-02-03T12:35:37","slug":"ferienfreizeit-doerenthe2015-2-2-2-2-2-2-2-2-5","status":"publish","type":"post","link":"https:\/\/www.feuerwehr-ibbenbueren.de\/?p=2803","title":{"rendered":"Jahreshauptversammlung der Feuerwehr Ibbenb\u00fcren"},"content":{"rendered":"<p>Zur Jahreshauptversammlung der Feuerwehr Ibbenb\u00fcren, dem R\u00fcckblick auf das Jahr 2014, hatte der Leiter der Feuerwehr Ibbenb\u00fcren, Karl-Heinz Rolf, alle Kameradinnen und Kameraden der Feuerwehr Ibbenb\u00fcren sowie <!--more--><\/p>\n<p>zahlreiche G\u00e4ste in die Feuer- und Rettungswache Ibbenb\u00fcren eingeladen.<\/p>\n<p>Karl-Heinz Rolf er\u00f6ffnete die Veranstaltung und begr\u00fc\u00dfte besonders den B\u00fcrgermeister der Stadt Ibbenb\u00fcren Heinz Steingr\u00f6ver, die Vertreter aus Rat und Verwaltung, den Dezernenten f\u00fcr Feuerschutz, Katastrophenschutz und Rettungsdienst der Bezirksregierung M\u00fcnster Reiner Dewulf, den stellv. Kreisbrandmeister Raphael-Ralph Meier, den 1. stellv. Vorsitzenden des Kreisfeuerwehrverbandes Manfred Kleine Niesse,\u00a0die Abordnungen von THW, DRK, DLRG und der Gasschutzwehr der RAG, den Ehrenwehrf\u00fchrer Heiner L\u00f6pmeier,\u00a0den Feuerwehrarzt Dr. Michael Micke, den Feuerwehrseelsorger J\u00f6rg Zweihoff, sowie\u00a0die \u00f6rtliche Presse, vertreten durch Claus Kossag f\u00fcr die IVZ.<\/p>\n<p>Nach der Ehrung des im vergangenen Jahr verstorbenen Kameraden Adolf Holtkamp durch den Leiter der Feuerwehr Karl-Heinz Rolf, richtete B\u00fcrgermeister Steingr\u00f6ver sein Wort an die \u00fcber 200 G\u00e4ste: Er erinnerte mit Gr\u00fc\u00dfen von Rat und Verwaltung an die au\u00dfergew\u00f6hnliche Fahrzeugbeschaffung im Jahr 2014: drei Gro\u00dffahrzeuge mit einem Gesamtvolumen von \u00fcber einer Million Euro. Und er dankte allen f\u00fcr die geleistete Arbeit in den vielen \u00dcbungen, Ausbildungen und im Einsatz. \u201eMenschen, die sich k\u00fcmmern \u2013 Ibbenb\u00fcren braucht Sie!\u201c Karl-Heinz Rolf lie\u00df den B\u00fcrgermeister aber nicht einfach so vom Rednerpult gehen \u2013 schlie\u00dflich tritt Heinz Steingr\u00f6ver im Herbst nicht wieder zur B\u00fcrgermeisterwahl an und war somit ein letztes Mal in dieser Funktion zu Gast bei der Feuerwehr. Mit Dankesworten f\u00fcr die gute Zusammenarbeit w\u00e4hrend der Dienstzeit des B\u00fcrgermeisters, in die auch der Neubau der Feuer- und Rettungswache fiel, verabschiedete sich Rolf von Steingr\u00f6ver und \u00fcberreichte humorvoll eine Flasche Wein: \u201eWenn Sie den probiert haben, wissen Sie wie sparsam die Feuerwehr ist.\u201c<\/p>\n<p>Manfred Kleine Niesse \u00fcberbrachte als 1. stellv. Vorsitzender vom Kreisfeuerwehrverband Gr\u00fc\u00dfe und einen vollen Terminkalender, unter anderem mit dem Leistungsnachweis am 20. Juni in Lienen und nat\u00fcrlich dem 9. Kreisfeuerwehrtag, der am 31. Mai in Ibbenb\u00fcren stattfinden wird.<\/p>\n<p>Der stellv. Kreisbrandmeister Raphael-Ralph Meier lobte und dankte speziell allen Ausbildern und \u201eAzubis\u201c f\u00fcr deren Bereitschaft, sich derart zu engagieren. An kreisweiten Besonderheiten nannte er im vergangen Jahr die erfolgreiche Umr\u00fcstung auf den Digitalfunk und die zahlreichen Unwettereins\u00e4tze, die \u00fcber\u00f6rtliche Hilfe n\u00f6tig gemacht hatte, speziell in Greven, wo u.a. auch die Feuerwehr Ibbenb\u00fcren t\u00e4tig war. Ausdr\u00fccklich begr\u00fc\u00dfte er die Neuaufnahme von zwei Kameraden mit Migrationshintergrund in die Feuerwehr Ibbenb\u00fcren.<\/p>\n<p>Reiner Dewulf, Dezernent bei der Bezirksregierung M\u00fcnster, beschrieb die Hintergrundarbeit, die von dort aus f\u00fcr die Feuerwehren geleistet wird. \u201eDie Bezirksregierung ist nicht b\u00f6se\u201c, meinte er und lobte ausdr\u00fccklich die konstruktive Zusammenarbeit. Gro\u00dfen Dank sprach er im Namen des Regierungspr\u00e4sidenten, stellvertretend f\u00fcr alle Beteiligten, dem B\u00fcrgermeister aus \u2013 und zwar f\u00fcr die besondere Unterbringung von Fl\u00fcchtlingen im Jahr 2014, in der Kreissporthalle. Er dankte auch generell allen Angeh\u00f6rigen und Familien der Feuerwehrleute f\u00fcr deren Unterst\u00fctzung. Besondere Gr\u00fc\u00dfe \u00fcberbrachte er noch vom scheidenden Bezirksbrandmeister Klaus M\u00f6nch, der sich aus terminlichen Gr\u00fcnden an dem Abend leider nicht pers\u00f6nlich verabschieden konnte.<\/p>\n<p>Nach der Pause, in der es wie \u00fcblich die Wurstbr\u00f6tchen gab, hielt Feuerwehrarzt Dr. Michael Micke den Jahresbericht des Rettungsdienstes. &#8222;Feuerwehr Ibbenb\u00fcren \u2013 das sind Freiwillige und Hauptamtliche zusammen. Aber Rettungsdienst ist nur hauptamtlich m\u00f6glich.\u201c So begann er seine Erl\u00e4uterungen zu den Aufgaben und der Organisation des Rettungsdienstes im Kreis Steinfurt und speziell am Standort Ibbenb\u00fcren, von wo aus 27% des Kreisgebietes und rund ein Viertel der Einwohner im Kreis betreut werden. Mit beeindruckenden Statistiken untermauerte er die Sorge, ob bzw. wie lange die Kapazit\u00e4ten ausreichen werden.<\/p>\n<p>Karl-Heinz Rolf hielt dann den R\u00fcckblick auf das Ibbenb\u00fcrener Feuerwehrjahr 2014. Neben den statistischen Werten \u2013 so sind gesamt an allen Standorten 215 Freiwillige Kameraden aktiv, 61 Kr\u00e4fte arbeiten hauptamtlich, 50 Mitglieder hat die Jugendfeuerwehr und 57 die Ehrenabteilung \u2013 konnte er von insgesamt 370 Eins\u00e4tzen berichten. Darunter beeindruckende wie der Imbissbrand an der M\u00fcnsterstra\u00dfe und der ausgedehnte Dachstuhlbrand der Bergapotheke und viele \u00fcber\u00f6rtliche Tatigkeiten mit dem ABC-Zug, der DLK und dem GWA. Die drei neuen Fahrzeuge sowie der Abrollbeh\u00e4lter R\u00fcst und die erfolgte Modernisierung des ELW waren ebenso Thema wie die immer noch anstehenden Aufgaben der notwendigen Bauma\u00dfnahmen am Ger\u00e4tehaus in Laggenbeck und die dringend erforderliche Genehmigung zur Wiederinbetriebnahme der Rauchdurchz\u00fcndungsanlage.<\/p>\n<p>In die Jugendfeuerwehr wurden sieben neue Mitglieder aufgenommen: Oliver Klostermeyer, Marvin K\u00fcnkels, Simon Rech, Timon Riesenbeck, Tim Spellbrink, Jonas Stermann und Henri Tenberg. Sie wurden vom Leiter der Feuerwehr Karl-Heinz Rolf herzlich begr\u00fc\u00dft. F\u00fcr die Gasschutzwehr der RAG Anthrazit Ibbenb\u00fcren \u00fcberreichte Franz-Josef Neuhaus nach seinen Gru\u00dfworten einen Scheck f\u00fcr die Jugendarbeit an den Leiter der Jugendfeuerwehr, Bastian Siebelmeyer.<\/p>\n<p>Dirk Attermeier und Jens Gaida gaben auf der heutigen Versammlung ihre \u00c4mter als stv. Jugendfeuerwehrwart bzw. Ausbilder der Jugendfeuerwehr ab. Karl-Heinz Rolf dankte f\u00fcr viele Jahre engagierter Arbeit mit der Jugendfeuerwehr und stellte Tina Attermeier als neue stellvertretende Jugendfeuerwehrwartin vor.<\/p>\n<p><strong>Karl-Heinz Rolf wies darauf hin, dass die ausf\u00fchrlichen Berichte aller L\u00f6schz\u00fcge, des Rettungsdienstes sowie der Jugendfeuerwehr in der neuen Ausgabe unserer Zeitschrift <a title=\"Link\" href=\"https:\/\/www.feuerwehr-ibbenbueren.de\/Brandaktuell\" target=\"_blank\">&#8222;brandaktuell&#8220;, Ausgabe 27<\/a> zu finden sind.<br \/>\n<\/strong><\/p>\n<p>Anschlie\u00dfend erfolgten die Ehrungen:<\/p>\n<p>Das Feuerwehr-Ehrenzeichen in Silber, f\u00fcr 25 Jahre Dienst in der Feuerwehr, wurde an Martin Kipker, J\u00f6rg Merschjann, Frank Hummer, Ralf Hagedorn, Klaus B\u00e4umer, Hans-J\u00f6rg Schmiemann und Matthias B\u00e4umer verliehen.<\/p>\n<p>Das Feuerwehr-Ehrenzeichen in Gold, f\u00fcr 35 Jahre Dienst in der Feuerwehr, konnte an f\u00fcnf Kameraden verliehen werden: Stefan Plumpe, Ulrich Stallb\u00f6rger, Thomas Kerk, Reinhold Artmeier und Franz-Josef M\u00f6llmann.<\/p>\n<p>Eine Sonderauszeichnung f\u00fcr 50 Jahre Mitgliedschaft in der Feuerwehr erhielten Eckhard Weiner und Heinz Bohle.<\/p>\n<p>Eine Sonderauszeichnung f\u00fcr 60 Jahre Mitgliedschaft in der Feuerwehr erhielten Werner Keller und Gerhard Schulte.<\/p>\n<p>In die Ehrenabteilung wechselte aus dem aktiven Dienst: Norbert Stallmeier.<\/p>\n<p>Es folgten die Bef\u00f6rderungen der Kameradinnen und Kameraden aller vier L\u00f6schz\u00fcge:<\/p>\n<p>Feuerwehrmannanw\u00e4rter\/in:<br \/>\nMahmut Delen, Darius Afsari, Veronika Godoj, Mark B\u00f6hm, Tobias Liesenk\u00f6tter, Julian Berg, J\u00f6rn Bosse, Mirko Meier<\/p>\n<p>Feuerwehrmann:<br \/>\nTim Malewski, Kevin Schl\u00fcter, Jannik Beiermann, Florian Flakowski, Leonard Stroot<\/p>\n<p>Oberfeuerwehrmann:<br \/>\nOliver Bohlmann, Niklas Dieselk\u00e4mper, Philip Hinz, Theo Niem\u00f6ller, Pascal Wiewel<\/p>\n<p>Hauptfeuerwehrmann:<br \/>\nThorsten Schr\u00f6der<\/p>\n<p>Unterbrandmeister:<br \/>\nChristopher Grove, Sebastian Donnermeyer<\/p>\n<p>Brandmeister:<br \/>\nChristopher Rolf<\/p>\n<p>Oberbrandmeister:<br \/>\nMartin Bitter<\/p>\n<p>Brandinspektor:<br \/>\nThorsten Attermeier<\/p>\n<p>Brandoberinspektor:<br \/>\nJ\u00f6rg Wallochny, Axel Wesselmann<\/p>\n<p>Karl-Heinz Rolf beendete die Jahreshauptversammlung, die auch in diesem Jahr wieder informativ und kurzweilig war und w\u00fcnschte allen Anwesenden noch einen geselligen Abend mit interessanten Gespr\u00e4chen.<\/p>\n<p>Ein besonderer Dank geht an dieser Stelle an den Festausschuss der Feuerwehr Ibbenb\u00fcren und die Kameradinnen und Kameraden des THW OV Ibbenb\u00fcren, die sich wieder um die Vorbereitung der Jahreshauptversammlung und das leibliche Wohl k\u00fcmmerten.<\/p>\n<p><strong><em><a title=\"Link\" href=\"https:\/\/www.feuerwehr-ibbenbueren.de\/downloads\/jhv2014_20022015_g.JPG\" target=\"_blank\">Download-Link f\u00fcr das Gruppenfoto mit allen Geehrten<\/a><br \/>\n<\/em><em><br \/>\n<a title=\"Link\" href=\"https:\/\/www.feuerwehr-ibbenbueren.de\/downloads\/jhv2014_20022015_b.JPG\" target=\"_blank\">Download-Link f\u00fcr das Gruppenfoto mit allen Bef\u00f6rderten<\/a><br \/>\n<\/em><\/strong><em><br \/>\n<\/em><\/p>\n<p><em><a title=\"brandaktuell\" href=\"https:\/\/www.feuerwehr-ibbenbueren.de\/wp-content\/uploads\/2015\/10\/brandaktuell_27_96dpi.pdf\" target=\"_blank\"><strong>Alle Zahlen und Berichte zum Jahr 2014 hier in der neuen &#8222;brandaktuell&#8220;<\/strong><\/a><br \/>\n<\/em><\/p>\n<p>&nbsp;<\/p>\n\n\t\t<div id='gallery-1' class='gallery galleryid-2803 gallery-columns-4 gallery-size-thumbnail gallery1'><script type=\"text\/javascript\">\r\n\/\/ <![CDATA[\r\n\tjQuery(document).ready(function () {\r\n\t\tjQuery(\".gallery1 a\").attr(\"rel\",\"gallery1\");\t\r\n\t\tjQuery('a[rel=\"gallery1\"]').colorbox({maxWidth:\"95%\", maxHeight:\"95%\",title: function(){ return jQuery(this).children().attr(\"alt\"); }, });\r\n\t});\r\n\/\/ ]]>\r\n<\/script>\n<dl class=\"gallery-item\">\n<dt class=\"gallery-icon\">\r\n<a href=\"https:\/\/www.feuerwehr-ibbenbueren.de\/wp-content\/uploads\/2015\/10\/JHV2015001.jpg\" title=\"\" rel=\"gallery1\"><img loading=\"lazy\" decoding=\"async\" src=\"https:\/\/www.feuerwehr-ibbenbueren.de\/wp-content\/uploads\/2015\/10\/JHV2015001-150x150.jpg\" width=\"150\" height=\"150\" alt=\"\" \/><\/a>\r\n<\/dt><\/dl><dl class=\"gallery-item\">\n<dt class=\"gallery-icon\">\r\n<a href=\"https:\/\/www.feuerwehr-ibbenbueren.de\/wp-content\/uploads\/2015\/10\/JHV2015002.jpg\" title=\"\" rel=\"gallery1\"><img loading=\"lazy\" decoding=\"async\" src=\"https:\/\/www.feuerwehr-ibbenbueren.de\/wp-content\/uploads\/2015\/10\/JHV2015002-150x150.jpg\" width=\"150\" height=\"150\" alt=\"\" \/><\/a>\r\n<\/dt><\/dl><dl class=\"gallery-item\">\n<dt class=\"gallery-icon\">\r\n<a href=\"https:\/\/www.feuerwehr-ibbenbueren.de\/wp-content\/uploads\/2015\/10\/JHV2015003.jpg\" title=\"\" rel=\"gallery1\"><img loading=\"lazy\" decoding=\"async\" src=\"https:\/\/www.feuerwehr-ibbenbueren.de\/wp-content\/uploads\/2015\/10\/JHV2015003-150x150.jpg\" width=\"150\" height=\"150\" alt=\"\" \/><\/a>\r\n<\/dt><\/dl><dl class=\"gallery-item\">\n<dt class=\"gallery-icon\">\r\n<a href=\"https:\/\/www.feuerwehr-ibbenbueren.de\/wp-content\/uploads\/2015\/10\/JHV2015004.jpg\" title=\"\" rel=\"gallery1\"><img loading=\"lazy\" decoding=\"async\" src=\"https:\/\/www.feuerwehr-ibbenbueren.de\/wp-content\/uploads\/2015\/10\/JHV2015004-150x150.jpg\" width=\"150\" height=\"150\" alt=\"\" \/><\/a>\r\n<\/dt><\/dl><br style=\"clear: both\" \/><dl class=\"gallery-item\">\n<dt class=\"gallery-icon\">\r\n<a href=\"https:\/\/www.feuerwehr-ibbenbueren.de\/wp-content\/uploads\/2015\/10\/JHV2015005.jpg\" title=\"\" rel=\"gallery1\"><img loading=\"lazy\" decoding=\"async\" src=\"https:\/\/www.feuerwehr-ibbenbueren.de\/wp-content\/uploads\/2015\/10\/JHV2015005-150x150.jpg\" width=\"150\" height=\"150\" alt=\"\" \/><\/a>\r\n<\/dt><\/dl><dl class=\"gallery-item\">\n<dt class=\"gallery-icon\">\r\n<a href=\"https:\/\/www.feuerwehr-ibbenbueren.de\/wp-content\/uploads\/2015\/10\/JHV2015006.jpg\" title=\"\" rel=\"gallery1\"><img loading=\"lazy\" decoding=\"async\" src=\"https:\/\/www.feuerwehr-ibbenbueren.de\/wp-content\/uploads\/2015\/10\/JHV2015006-150x150.jpg\" width=\"150\" height=\"150\" alt=\"\" \/><\/a>\r\n<\/dt><\/dl><dl class=\"gallery-item\">\n<dt class=\"gallery-icon\">\r\n<a href=\"https:\/\/www.feuerwehr-ibbenbueren.de\/wp-content\/uploads\/2015\/10\/JHV2015007.jpg\" title=\"\" rel=\"gallery1\"><img loading=\"lazy\" decoding=\"async\" src=\"https:\/\/www.feuerwehr-ibbenbueren.de\/wp-content\/uploads\/2015\/10\/JHV2015007-150x150.jpg\" width=\"150\" height=\"150\" alt=\"\" \/><\/a>\r\n<\/dt><\/dl><dl class=\"gallery-item\">\n<dt class=\"gallery-icon\">\r\n<a href=\"https:\/\/www.feuerwehr-ibbenbueren.de\/wp-content\/uploads\/2015\/10\/JHV2015008.jpg\" title=\"\" rel=\"gallery1\"><img loading=\"lazy\" decoding=\"async\" src=\"https:\/\/www.feuerwehr-ibbenbueren.de\/wp-content\/uploads\/2015\/10\/JHV2015008-150x150.jpg\" width=\"150\" height=\"150\" alt=\"\" \/><\/a>\r\n<\/dt><\/dl><br style=\"clear: both\" \/><dl class=\"gallery-item\">\n<dt class=\"gallery-icon\">\r\n<a href=\"https:\/\/www.feuerwehr-ibbenbueren.de\/wp-content\/uploads\/2015\/10\/JHV2015009.jpg\" title=\"\" rel=\"gallery1\"><img loading=\"lazy\" decoding=\"async\" src=\"https:\/\/www.feuerwehr-ibbenbueren.de\/wp-content\/uploads\/2015\/10\/JHV2015009-150x150.jpg\" width=\"150\" height=\"150\" alt=\"\" \/><\/a>\r\n<\/dt><\/dl><dl class=\"gallery-item\">\n<dt class=\"gallery-icon\">\r\n<a href=\"https:\/\/www.feuerwehr-ibbenbueren.de\/wp-content\/uploads\/2015\/10\/JHV2015010.jpg\" title=\"\" rel=\"gallery1\"><img loading=\"lazy\" decoding=\"async\" src=\"https:\/\/www.feuerwehr-ibbenbueren.de\/wp-content\/uploads\/2015\/10\/JHV2015010-150x150.jpg\" width=\"150\" height=\"150\" alt=\"\" \/><\/a>\r\n<\/dt><\/dl><dl class=\"gallery-item\">\n<dt class=\"gallery-icon\">\r\n<a href=\"https:\/\/www.feuerwehr-ibbenbueren.de\/wp-content\/uploads\/2015\/10\/JHV2015011.jpg\" title=\"\" rel=\"gallery1\"><img loading=\"lazy\" decoding=\"async\" src=\"https:\/\/www.feuerwehr-ibbenbueren.de\/wp-content\/uploads\/2015\/10\/JHV2015011-150x150.jpg\" width=\"150\" height=\"150\" alt=\"\" \/><\/a>\r\n<\/dt><\/dl><dl class=\"gallery-item\">\n<dt class=\"gallery-icon\">\r\n<a href=\"https:\/\/www.feuerwehr-ibbenbueren.de\/wp-content\/uploads\/2015\/10\/JHV2015012.jpg\" title=\"\" rel=\"gallery1\"><img loading=\"lazy\" decoding=\"async\" src=\"https:\/\/www.feuerwehr-ibbenbueren.de\/wp-content\/uploads\/2015\/10\/JHV2015012-150x150.jpg\" width=\"150\" height=\"150\" alt=\"\" \/><\/a>\r\n<\/dt><\/dl><br style=\"clear: both\" \/><dl class=\"gallery-item\">\n<dt class=\"gallery-icon\">\r\n<a href=\"https:\/\/www.feuerwehr-ibbenbueren.de\/wp-content\/uploads\/2015\/10\/JHV2015013.jpg\" title=\"\" rel=\"gallery1\"><img loading=\"lazy\" decoding=\"async\" src=\"https:\/\/www.feuerwehr-ibbenbueren.de\/wp-content\/uploads\/2015\/10\/JHV2015013-150x150.jpg\" width=\"150\" height=\"150\" alt=\"\" \/><\/a>\r\n<\/dt><\/dl><dl class=\"gallery-item\">\n<dt class=\"gallery-icon\">\r\n<a href=\"https:\/\/www.feuerwehr-ibbenbueren.de\/wp-content\/uploads\/2015\/10\/JHV2015014.jpg\" title=\"\" rel=\"gallery1\"><img loading=\"lazy\" decoding=\"async\" src=\"https:\/\/www.feuerwehr-ibbenbueren.de\/wp-content\/uploads\/2015\/10\/JHV2015014-150x150.jpg\" width=\"150\" height=\"150\" alt=\"\" \/><\/a>\r\n<\/dt><\/dl><dl class=\"gallery-item\">\n<dt class=\"gallery-icon\">\r\n<a href=\"https:\/\/www.feuerwehr-ibbenbueren.de\/wp-content\/uploads\/2015\/10\/JHV2015015.jpg\" title=\"\" rel=\"gallery1\"><img loading=\"lazy\" decoding=\"async\" src=\"https:\/\/www.feuerwehr-ibbenbueren.de\/wp-content\/uploads\/2015\/10\/JHV2015015-150x150.jpg\" width=\"150\" height=\"150\" alt=\"\" \/><\/a>\r\n<\/dt><\/dl><dl class=\"gallery-item\">\n<dt class=\"gallery-icon\">\r\n<a href=\"https:\/\/www.feuerwehr-ibbenbueren.de\/wp-content\/uploads\/2015\/10\/JHV2015016.jpg\" title=\"\" rel=\"gallery1\"><img loading=\"lazy\" decoding=\"async\" src=\"https:\/\/www.feuerwehr-ibbenbueren.de\/wp-content\/uploads\/2015\/10\/JHV2015016-150x150.jpg\" width=\"150\" height=\"150\" alt=\"\" \/><\/a>\r\n<\/dt><\/dl><br style=\"clear: both\" \/><dl class=\"gallery-item\">\n<dt class=\"gallery-icon\">\r\n<a href=\"https:\/\/www.feuerwehr-ibbenbueren.de\/wp-content\/uploads\/2015\/10\/JHV2015017.jpg\" title=\"\" rel=\"gallery1\"><img loading=\"lazy\" decoding=\"async\" src=\"https:\/\/www.feuerwehr-ibbenbueren.de\/wp-content\/uploads\/2015\/10\/JHV2015017-150x150.jpg\" width=\"150\" height=\"150\" alt=\"\" \/><\/a>\r\n<\/dt><\/dl><dl class=\"gallery-item\">\n<dt class=\"gallery-icon\">\r\n<a href=\"https:\/\/www.feuerwehr-ibbenbueren.de\/wp-content\/uploads\/2015\/10\/JHV2015018.jpg\" title=\"\" rel=\"gallery1\"><img loading=\"lazy\" decoding=\"async\" src=\"https:\/\/www.feuerwehr-ibbenbueren.de\/wp-content\/uploads\/2015\/10\/JHV2015018-150x150.jpg\" width=\"150\" height=\"150\" alt=\"\" \/><\/a>\r\n<\/dt><\/dl><dl class=\"gallery-item\">\n<dt class=\"gallery-icon\">\r\n<a href=\"https:\/\/www.feuerwehr-ibbenbueren.de\/wp-content\/uploads\/2015\/10\/JHV2015019.jpg\" title=\"\" rel=\"gallery1\"><img loading=\"lazy\" decoding=\"async\" src=\"https:\/\/www.feuerwehr-ibbenbueren.de\/wp-content\/uploads\/2015\/10\/JHV2015019-150x150.jpg\" width=\"150\" height=\"150\" alt=\"\" \/><\/a>\r\n<\/dt><\/dl><dl class=\"gallery-item\">\n<dt class=\"gallery-icon\">\r\n<a href=\"https:\/\/www.feuerwehr-ibbenbueren.de\/wp-content\/uploads\/2015\/10\/JHV2015020.jpg\" title=\"\" rel=\"gallery1\"><img loading=\"lazy\" decoding=\"async\" src=\"https:\/\/www.feuerwehr-ibbenbueren.de\/wp-content\/uploads\/2015\/10\/JHV2015020-150x150.jpg\" width=\"150\" height=\"150\" alt=\"\" \/><\/a>\r\n<\/dt><\/dl><br style=\"clear: both\" \/>\r\n\t\t<\/div>\n\n<p>&nbsp;<\/p>\n<p>&nbsp;<\/p>\n","protected":false},"excerpt":{"rendered":"<p>Zur Jahreshauptversammlung der Feuerwehr Ibbenb\u00fcren, dem R\u00fcckblick auf das Jahr 2014, hatte der Leiter der Feuerwehr Ibbenb\u00fcren, Karl-Heinz Rolf, alle Kameradinnen und Kameraden der Feuerwehr Ibbenb\u00fcren sowie<\/p>\n","protected":false},"author":2,"featured_media":2815,"comment_status":"closed","ping_status":"closed","sticky":false,"template":"","format":"standard","meta":{"footnotes":""},"categories":[10,8,6],"tags":[33,153,128,129,123,60,66,77],"class_list":["post-2803","post","type-post","status-publish","format-standard","has-post-thumbnail","hentry","category-alle-beitraege","category-information","category-veranstaltungen","tag-doerenthe","tag-hauptamtliche-kraefte","tag-jf-ibbenbueren","tag-jf-laggenbeck","tag-jugendfeuerwehr","tag-stadtmitte-1","tag-stadtmitte-2","tag-veranstaltung"],"_links":{"self":[{"href":"https:\/\/www.feuerwehr-ibbenbueren.de\/index.php?rest_route=\/wp\/v2\/posts\/2803","targetHints":{"allow":["GET"]}}],"collection":[{"href":"https:\/\/www.feuerwehr-ibbenbueren.de\/index.php?rest_route=\/wp\/v2\/posts"}],"about":[{"href":"https:\/\/www.feuerwehr-ibbenbueren.de\/index.php?rest_route=\/wp\/v2\/types\/post"}],"author":[{"embeddable":true,"href":"https:\/\/www.feuerwehr-ibbenbueren.de\/index.php?rest_route=\/wp\/v2\/users\/2"}],"replies":[{"embeddable":true,"href":"https:\/\/www.feuerwehr-ibbenbueren.de\/index.php?rest_route=%2Fwp%2Fv2%2Fcomments&post=2803"}],"version-history":[{"count":3,"href":"https:\/\/www.feuerwehr-ibbenbueren.de\/index.php?rest_route=\/wp\/v2\/posts\/2803\/revisions"}],"predecessor-version":[{"id":8939,"href":"https:\/\/www.feuerwehr-ibbenbueren.de\/index.php?rest_route=\/wp\/v2\/posts\/2803\/revisions\/8939"}],"wp:featuredmedia":[{"embeddable":true,"href":"https:\/\/www.feuerwehr-ibbenbueren.de\/index.php?rest_route=\/wp\/v2\/media\/2815"}],"wp:attachment":[{"href":"https:\/\/www.feuerwehr-ibbenbueren.de\/index.php?rest_route=%2Fwp%2Fv2%2Fmedia&parent=2803"}],"wp:term":[{"taxonomy":"category","embeddable":true,"href":"https:\/\/www.feuerwehr-ibbenbueren.de\/index.php?rest_route=%2Fwp%2Fv2%2Fcategories&post=2803"},{"taxonomy":"post_tag","embeddable":true,"href":"https:\/\/www.feuerwehr-ibbenbueren.de\/index.php?rest_route=%2Fwp%2Fv2%2Ftags&post=2803"}],"curies":[{"name":"wp","href":"https:\/\/api.w.org\/{rel}","templated":true}]}}