{"id":2826,"date":"2015-02-12T12:02:26","date_gmt":"2015-02-12T11:02:26","guid":{"rendered":"http:\/\/www.feuerwehr-ibbenbueren.de\/?p=2826"},"modified":"2016-11-01T06:19:50","modified_gmt":"2016-11-01T05:19:50","slug":"kleinbrand-2-2-4-2-3","status":"publish","type":"post","link":"https:\/\/www.feuerwehr-ibbenbueren.de\/?p=2826","title":{"rendered":"Schuppen-\/Gartenhausbrand"},"content":{"rendered":"<p><strong>Einsatzbericht: <\/strong>Mit dem Stichwort Schuppen-\/Gartenhausbrand wurde die Feuerwehr Ibbenb\u00fcren (der Dienstbetrieb und die L\u00f6schz\u00fcge Laggenbeck und Stadtmitte 1) am Donnerstagmittag alarmiert.\u00a0<!--more--><br \/>\nBeim Eintreffen fanden die Kr\u00e4fte den hinteren Teil einer Garage in Vollbrand vor. Die Garage war direkt an ein Wohnhaus angebaut; es befand sich kein Pkw in der Garage, Personen waren nicht in Gefahr.<\/p>\n<p>Drei Trupps unter Atemschutz gingen mit C-Rohren zur Brandbek\u00e4mpfung vor. Das Feuer konnte schnell unter Kontrolle gebracht werden. Die Nachl\u00f6scharbeiten waren aufw\u00e4ndig, da in der Garage eine gr\u00f6\u00dfere Menge Kaminholz gelagert war und eine Kupferverkleidung entfernt werden musste.<\/p>\n<p>Fotos mit freundlicher Genehmigung von ivz-aktuell.de.<br \/>\n<a title=\"Link zu ivz-aktuell.de\" href=\"http:\/\/www.ivz-aktuell.de\/lokales\/ibbenbueren_artikel,-Garagenbrand-in-Laggenbeck-_arid,432993.html\" target=\"_blank\">Link zum Bericht auf ivz-aktuell.de<\/a><\/p>\n<p>&nbsp;<\/p>\n\n\t\t<div id='gallery-1' class='gallery galleryid-2826 gallery-columns-4 gallery-size-thumbnail gallery1'><script type=\"text\/javascript\">\r\n\/\/ <![CDATA[\r\n\tjQuery(document).ready(function () {\r\n\t\tjQuery(\".gallery1 a\").attr(\"rel\",\"gallery1\");\t\r\n\t\tjQuery('a[rel=\"gallery1\"]').colorbox({maxWidth:\"95%\", maxHeight:\"95%\",title: function(){ return jQuery(this).children().attr(\"alt\"); }, });\r\n\t});\r\n\/\/ ]]>\r\n<\/script>\n<dl class=\"gallery-item\">\n<dt class=\"gallery-icon\">\r\n<a href=\"https:\/\/www.feuerwehr-ibbenbueren.de\/wp-content\/uploads\/2015\/10\/Schuppenbrand0215001.jpg\" title=\"\" rel=\"gallery1\"><img loading=\"lazy\" decoding=\"async\" src=\"https:\/\/www.feuerwehr-ibbenbueren.de\/wp-content\/uploads\/2015\/10\/Schuppenbrand0215001-150x150.jpg\" width=\"150\" height=\"150\" alt=\"\" \/><\/a>\r\n<\/dt><\/dl><dl class=\"gallery-item\">\n<dt class=\"gallery-icon\">\r\n<a href=\"https:\/\/www.feuerwehr-ibbenbueren.de\/wp-content\/uploads\/2015\/10\/Schuppenbrand0215002.jpg\" title=\"\" rel=\"gallery1\"><img loading=\"lazy\" decoding=\"async\" src=\"https:\/\/www.feuerwehr-ibbenbueren.de\/wp-content\/uploads\/2015\/10\/Schuppenbrand0215002-150x150.jpg\" width=\"150\" height=\"150\" alt=\"\" \/><\/a>\r\n<\/dt><\/dl><dl class=\"gallery-item\">\n<dt class=\"gallery-icon\">\r\n<a href=\"https:\/\/www.feuerwehr-ibbenbueren.de\/wp-content\/uploads\/2015\/10\/Schuppenbrand0215003.jpg\" title=\"\" rel=\"gallery1\"><img loading=\"lazy\" decoding=\"async\" src=\"https:\/\/www.feuerwehr-ibbenbueren.de\/wp-content\/uploads\/2015\/10\/Schuppenbrand0215003-150x150.jpg\" width=\"150\" height=\"150\" alt=\"\" \/><\/a>\r\n<\/dt><\/dl><dl class=\"gallery-item\">\n<dt class=\"gallery-icon\">\r\n<a href=\"https:\/\/www.feuerwehr-ibbenbueren.de\/wp-content\/uploads\/2015\/10\/Schuppenbrand0215004.jpg\" title=\"\" rel=\"gallery1\"><img loading=\"lazy\" decoding=\"async\" src=\"https:\/\/www.feuerwehr-ibbenbueren.de\/wp-content\/uploads\/2015\/10\/Schuppenbrand0215004-150x150.jpg\" width=\"150\" height=\"150\" alt=\"\" \/><\/a>\r\n<\/dt><\/dl><br style=\"clear: both\" \/>\r\n\t\t<\/div>\n\n<p>&nbsp;<\/p>\n<p>&nbsp;<\/p>\n","protected":false},"excerpt":{"rendered":"<p>Einsatzbericht: Mit dem Stichwort Schuppen-\/Gartenhausbrand wurde die Feuerwehr Ibbenb\u00fcren (der Dienstbetrieb und die L\u00f6schz\u00fcge Laggenbeck und Stadtmitte 1) am Donnerstagmittag alarmiert.\u00a0<\/p>\n","protected":false},"author":2,"featured_media":2831,"comment_status":"open","ping_status":"open","sticky":false,"template":"","format":"standard","meta":{"footnotes":""},"categories":[10,5],"tags":[65,71,85,60],"class_list":["post-2826","post","type-post","status-publish","format-standard","has-post-thumbnail","hentry","category-alle-beitraege","category-einsaetze","tag-dienstbetrieb","tag-feuer","tag-laggenbeck","tag-stadtmitte-1"],"_links":{"self":[{"href":"https:\/\/www.feuerwehr-ibbenbueren.de\/index.php?rest_route=\/wp\/v2\/posts\/2826","targetHints":{"allow":["GET"]}}],"collection":[{"href":"https:\/\/www.feuerwehr-ibbenbueren.de\/index.php?rest_route=\/wp\/v2\/posts"}],"about":[{"href":"https:\/\/www.feuerwehr-ibbenbueren.de\/index.php?rest_route=\/wp\/v2\/types\/post"}],"author":[{"embeddable":true,"href":"https:\/\/www.feuerwehr-ibbenbueren.de\/index.php?rest_route=\/wp\/v2\/users\/2"}],"replies":[{"embeddable":true,"href":"https:\/\/www.feuerwehr-ibbenbueren.de\/index.php?rest_route=%2Fwp%2Fv2%2Fcomments&post=2826"}],"version-history":[{"count":2,"href":"https:\/\/www.feuerwehr-ibbenbueren.de\/index.php?rest_route=\/wp\/v2\/posts\/2826\/revisions"}],"predecessor-version":[{"id":2832,"href":"https:\/\/www.feuerwehr-ibbenbueren.de\/index.php?rest_route=\/wp\/v2\/posts\/2826\/revisions\/2832"}],"wp:featuredmedia":[{"embeddable":true,"href":"https:\/\/www.feuerwehr-ibbenbueren.de\/index.php?rest_route=\/wp\/v2\/media\/2831"}],"wp:attachment":[{"href":"https:\/\/www.feuerwehr-ibbenbueren.de\/index.php?rest_route=%2Fwp%2Fv2%2Fmedia&parent=2826"}],"wp:term":[{"taxonomy":"category","embeddable":true,"href":"https:\/\/www.feuerwehr-ibbenbueren.de\/index.php?rest_route=%2Fwp%2Fv2%2Fcategories&post=2826"},{"taxonomy":"post_tag","embeddable":true,"href":"https:\/\/www.feuerwehr-ibbenbueren.de\/index.php?rest_route=%2Fwp%2Fv2%2Ftags&post=2826"}],"curies":[{"name":"wp","href":"https:\/\/api.w.org\/{rel}","templated":true}]}}