{"id":28306,"date":"2022-07-25T04:08:25","date_gmt":"2022-07-25T02:08:25","guid":{"rendered":"https:\/\/www.feuerwehr-ibbenbueren.de\/?p=28306"},"modified":"2022-07-25T13:49:30","modified_gmt":"2022-07-25T11:49:30","slug":"betriebsstoffe-aufnehmen-3-2-2-3-copy-3-copy","status":"publish","type":"post","link":"https:\/\/www.feuerwehr-ibbenbueren.de\/?p=28306","title":{"rendered":"\u00d6l Stra\u00dfe, Lkw-Dieseltank leck"},"content":{"rendered":"<p><strong>Einsatzbericht: <\/strong>Die Feuerwehr Ibbenb\u00fcren wurde zu einer technischen Hilfeleistung auf der Autobahn A30 alarmiert.<\/p>\n<p><!--more-->Der Dieseltank eines Lkw hatte ein Leck. Die Feuerwehr dichtete den Tank ab und streute ausgelaufenen Dieselkraftstoff ab.<\/p>\n<p>Benachrichtigung der Unteren Wasserbeh\u00f6rde und abschlie\u00dfend \u00dcbergabe der Einsatzstelle an die Autobahnpolizei.<\/p>\n","protected":false},"excerpt":{"rendered":"<p>Einsatzbericht: Die Feuerwehr Ibbenb\u00fcren wurde zu einer technischen Hilfeleistung auf der Autobahn A30 alarmiert.<\/p>\n","protected":false},"author":2,"featured_media":3024,"comment_status":"open","ping_status":"open","sticky":false,"template":"","format":"standard","meta":{"footnotes":""},"categories":[10,5],"tags":[169,439,80,73],"class_list":["post-28306","post","type-post","status-publish","format-standard","has-post-thumbnail","hentry","category-alle-beitraege","category-einsaetze","tag-bab","tag-nur-dienstbetrieb-2022","tag-oel","tag-th"],"_links":{"self":[{"href":"https:\/\/www.feuerwehr-ibbenbueren.de\/index.php?rest_route=\/wp\/v2\/posts\/28306","targetHints":{"allow":["GET"]}}],"collection":[{"href":"https:\/\/www.feuerwehr-ibbenbueren.de\/index.php?rest_route=\/wp\/v2\/posts"}],"about":[{"href":"https:\/\/www.feuerwehr-ibbenbueren.de\/index.php?rest_route=\/wp\/v2\/types\/post"}],"author":[{"embeddable":true,"href":"https:\/\/www.feuerwehr-ibbenbueren.de\/index.php?rest_route=\/wp\/v2\/users\/2"}],"replies":[{"embeddable":true,"href":"https:\/\/www.feuerwehr-ibbenbueren.de\/index.php?rest_route=%2Fwp%2Fv2%2Fcomments&post=28306"}],"version-history":[{"count":3,"href":"https:\/\/www.feuerwehr-ibbenbueren.de\/index.php?rest_route=\/wp\/v2\/posts\/28306\/revisions"}],"predecessor-version":[{"id":28309,"href":"https:\/\/www.feuerwehr-ibbenbueren.de\/index.php?rest_route=\/wp\/v2\/posts\/28306\/revisions\/28309"}],"wp:featuredmedia":[{"embeddable":true,"href":"https:\/\/www.feuerwehr-ibbenbueren.de\/index.php?rest_route=\/wp\/v2\/media\/3024"}],"wp:attachment":[{"href":"https:\/\/www.feuerwehr-ibbenbueren.de\/index.php?rest_route=%2Fwp%2Fv2%2Fmedia&parent=28306"}],"wp:term":[{"taxonomy":"category","embeddable":true,"href":"https:\/\/www.feuerwehr-ibbenbueren.de\/index.php?rest_route=%2Fwp%2Fv2%2Fcategories&post=28306"},{"taxonomy":"post_tag","embeddable":true,"href":"https:\/\/www.feuerwehr-ibbenbueren.de\/index.php?rest_route=%2Fwp%2Fv2%2Ftags&post=28306"}],"curies":[{"name":"wp","href":"https:\/\/api.w.org\/{rel}","templated":true}]}}