{"id":2844,"date":"2015-01-11T15:39:38","date_gmt":"2015-01-11T14:39:38","guid":{"rendered":"http:\/\/www.feuerwehr-ibbenbueren.de\/?p=2844"},"modified":"2015-10-15T12:06:09","modified_gmt":"2015-10-15T10:06:09","slug":"verkehrsunfall-eingeklemmtep-5","status":"publish","type":"post","link":"https:\/\/www.feuerwehr-ibbenbueren.de\/?p=2844","title":{"rendered":"Sturm, es fliegen Teile vom Dach"},"content":{"rendered":"<p><strong>Einsatzbericht:\u00a0<\/strong>Zu einem Sturmeinsatz an die Nordstadt Arkaden wurden der L\u00f6schzug I und der hauptamtliche Dienstbetrieb am Sonntagnachmittag gerufen.<!--more--><\/p>\n<p>Blechteile der Au\u00dfenverkleidung hatten sich dort im Dachbereich gel\u00f6sst und st\u00fcrzten in die Durchfahrt zum Parkplatz.<\/p>\n<p>Die Einsatzkr\u00e4fte sperrten die Einsatzstelle in beide Richtungen hin ab und entfernten die hinabgest\u00fcrtzen Bleche. Weitere gel\u00f6sste Blechplatten wurden gegen Herunterfallen gesichert.<\/p>\n<p>Im Einsatz befanden sich 20 Kameradinnen und Kameraden.<\/p>\n<p>&nbsp;<\/p>\n<p>Bilder mit freundlicher Genehmigung der IVZ und des Stadtmuseums (Frau Bucken)<\/p>\n<p><a title=\"IVZ\" href=\"http:\/\/www.ivz-aktuell.de\/lokales\/ibbenbueren_artikel,-Blech-fliegt-in-Arkaden-Einfahrt-_arid,421762.html\" target=\"_blank\">Link zum Onlinebericht der IVZ-Aktuell<\/a><\/p>\n<p>&nbsp;<\/p>\n\n\t\t<div id='gallery-1' class='gallery galleryid-2844 gallery-columns-4 gallery-size-thumbnail gallery1'><script type=\"text\/javascript\">\r\n\/\/ <![CDATA[\r\n\tjQuery(document).ready(function () {\r\n\t\tjQuery(\".gallery1 a\").attr(\"rel\",\"gallery1\");\t\r\n\t\tjQuery('a[rel=\"gallery1\"]').colorbox({maxWidth:\"95%\", maxHeight:\"95%\",title: function(){ return jQuery(this).children().attr(\"alt\"); }, });\r\n\t});\r\n\/\/ ]]>\r\n<\/script>\n<dl class=\"gallery-item\">\n<dt class=\"gallery-icon\">\r\n<a href=\"https:\/\/www.feuerwehr-ibbenbueren.de\/wp-content\/uploads\/2015\/10\/Sturm0115001.jpg\" title=\"\" rel=\"gallery1\"><img loading=\"lazy\" decoding=\"async\" src=\"https:\/\/www.feuerwehr-ibbenbueren.de\/wp-content\/uploads\/2015\/10\/Sturm0115001-150x150.jpg\" width=\"150\" height=\"150\" alt=\"\" \/><\/a>\r\n<\/dt><\/dl><dl class=\"gallery-item\">\n<dt class=\"gallery-icon\">\r\n<a href=\"https:\/\/www.feuerwehr-ibbenbueren.de\/wp-content\/uploads\/2015\/10\/Sturm0115002.jpg\" title=\"\" rel=\"gallery1\"><img loading=\"lazy\" decoding=\"async\" src=\"https:\/\/www.feuerwehr-ibbenbueren.de\/wp-content\/uploads\/2015\/10\/Sturm0115002-150x150.jpg\" width=\"150\" height=\"150\" alt=\"\" \/><\/a>\r\n<\/dt><\/dl><dl class=\"gallery-item\">\n<dt class=\"gallery-icon\">\r\n<a href=\"https:\/\/www.feuerwehr-ibbenbueren.de\/wp-content\/uploads\/2015\/10\/Sturm0115003.jpg\" title=\"\" rel=\"gallery1\"><img loading=\"lazy\" decoding=\"async\" src=\"https:\/\/www.feuerwehr-ibbenbueren.de\/wp-content\/uploads\/2015\/10\/Sturm0115003-150x150.jpg\" width=\"150\" height=\"150\" alt=\"\" \/><\/a>\r\n<\/dt><\/dl>\r\n\t\t\t<br style='clear: both' \/>\r\n\t\t<\/div>\n\n","protected":false},"excerpt":{"rendered":"<p>Einsatzbericht:\u00a0Zu einem Sturmeinsatz an die Nordstadt Arkaden wurden der L\u00f6schzug I und der hauptamtliche Dienstbetrieb am Sonntagnachmittag gerufen.<\/p>\n","protected":false},"author":3,"featured_media":2846,"comment_status":"open","ping_status":"open","sticky":false,"template":"","format":"standard","meta":{"footnotes":""},"categories":[10,5],"tags":[65,60,110,73],"class_list":["post-2844","post","type-post","status-publish","format-standard","has-post-thumbnail","hentry","category-alle-beitraege","category-einsaetze","tag-dienstbetrieb","tag-stadtmitte-1","tag-sturm","tag-th"],"_links":{"self":[{"href":"https:\/\/www.feuerwehr-ibbenbueren.de\/index.php?rest_route=\/wp\/v2\/posts\/2844","targetHints":{"allow":["GET"]}}],"collection":[{"href":"https:\/\/www.feuerwehr-ibbenbueren.de\/index.php?rest_route=\/wp\/v2\/posts"}],"about":[{"href":"https:\/\/www.feuerwehr-ibbenbueren.de\/index.php?rest_route=\/wp\/v2\/types\/post"}],"author":[{"embeddable":true,"href":"https:\/\/www.feuerwehr-ibbenbueren.de\/index.php?rest_route=\/wp\/v2\/users\/3"}],"replies":[{"embeddable":true,"href":"https:\/\/www.feuerwehr-ibbenbueren.de\/index.php?rest_route=%2Fwp%2Fv2%2Fcomments&post=2844"}],"version-history":[{"count":2,"href":"https:\/\/www.feuerwehr-ibbenbueren.de\/index.php?rest_route=\/wp\/v2\/posts\/2844\/revisions"}],"predecessor-version":[{"id":2849,"href":"https:\/\/www.feuerwehr-ibbenbueren.de\/index.php?rest_route=\/wp\/v2\/posts\/2844\/revisions\/2849"}],"wp:featuredmedia":[{"embeddable":true,"href":"https:\/\/www.feuerwehr-ibbenbueren.de\/index.php?rest_route=\/wp\/v2\/media\/2846"}],"wp:attachment":[{"href":"https:\/\/www.feuerwehr-ibbenbueren.de\/index.php?rest_route=%2Fwp%2Fv2%2Fmedia&parent=2844"}],"wp:term":[{"taxonomy":"category","embeddable":true,"href":"https:\/\/www.feuerwehr-ibbenbueren.de\/index.php?rest_route=%2Fwp%2Fv2%2Fcategories&post=2844"},{"taxonomy":"post_tag","embeddable":true,"href":"https:\/\/www.feuerwehr-ibbenbueren.de\/index.php?rest_route=%2Fwp%2Fv2%2Ftags&post=2844"}],"curies":[{"name":"wp","href":"https:\/\/api.w.org\/{rel}","templated":true}]}}