{"id":29782,"date":"2023-01-01T07:19:20","date_gmt":"2023-01-01T06:19:20","guid":{"rendered":"https:\/\/www.feuerwehr-ibbenbueren.de\/?p=29782"},"modified":"2023-01-02T18:02:50","modified_gmt":"2023-01-02T17:02:50","slug":"kleinbrand-2-2-4-3-3-2-2-2-copy-copy-2-copy-2-copy-2-copy-copy-copy-3-copy-2-copy-copy-copy-copy-copy-copy-copy-copy-copy-copy-copy-copy-2-copy-2-copy-2-copy-copy","status":"publish","type":"post","link":"https:\/\/www.feuerwehr-ibbenbueren.de\/?p=29782","title":{"rendered":"Brand mittel &#8211; Carportbrand"},"content":{"rendered":"<p><strong>Einsatzbericht:\u00a0<\/strong>Der Dienstbetrieb sowie der L\u00f6schzug Stadtmitte 2 wurden mit dem Stichwort &#8222;Brand mittel&#8220; zur K\u00e4the-Kollwitz-Stra\u00dfe alarmiert.<!--more--><\/p>\n<p>An der Einsatzstelle fanden die ersteintreffenden Kr\u00e4fte ein Carport mit Pkw an einem Wohnhaus in Vollbrand vor.<\/p>\n<p>Zwei unverletzte Bewohner wurden aus dem Haus gerettet. Das Feuer wurde von zwei Trupps unter PA mit C-Rohren bek\u00e4mpft und gel\u00f6scht.<\/p>\n<p>Nach Beendigung der Nachl\u00f6scharbeiten wurde die Einsatzstelle an die Polizei \u00fcbergeben.<\/p>\n<p><a href=\"https:\/\/www.ivz-aktuell.de\/articles\/231684\/ibbenbueren\/blaulicht-sicherheit\/carport-brennt-feuer-droht-ueberzugreifen\" target=\"_blank\" rel=\"noopener\">Bericht auf ivz-aktuell.de (f\u00fcr Abonnenten)<\/a><\/p>\n\n\t\t<div id='gallery-1' class='gallery galleryid-29782 gallery-columns-4 gallery-size-thumbnail gallery1'><script type=\"text\/javascript\">\r\n\/\/ <![CDATA[\r\n\tjQuery(document).ready(function () {\r\n\t\tjQuery(\".gallery1 a\").attr(\"rel\",\"gallery1\");\t\r\n\t\tjQuery('a[rel=\"gallery1\"]').colorbox({maxWidth:\"95%\", maxHeight:\"95%\",title: function(){ return jQuery(this).children().attr(\"alt\"); }, });\r\n\t});\r\n\/\/ ]]>\r\n<\/script>\n<dl class=\"gallery-item\">\n<dt class=\"gallery-icon\">\r\n<a href=\"https:\/\/www.feuerwehr-ibbenbueren.de\/wp-content\/uploads\/2023\/01\/20220101_Carport_Kaethe_Kollwitz_Str_01.jpg\" title=\"\" rel=\"gallery1\"><img loading=\"lazy\" decoding=\"async\" src=\"https:\/\/www.feuerwehr-ibbenbueren.de\/wp-content\/uploads\/2023\/01\/20220101_Carport_Kaethe_Kollwitz_Str_01-150x150.jpg\" width=\"150\" height=\"150\" alt=\"\" \/><\/a>\r\n<\/dt><\/dl><dl class=\"gallery-item\">\n<dt class=\"gallery-icon\">\r\n<a href=\"https:\/\/www.feuerwehr-ibbenbueren.de\/wp-content\/uploads\/2023\/01\/20220101_Carport_Kaethe_Kollwitz_Str_02.jpg\" title=\"\" rel=\"gallery1\"><img loading=\"lazy\" decoding=\"async\" src=\"https:\/\/www.feuerwehr-ibbenbueren.de\/wp-content\/uploads\/2023\/01\/20220101_Carport_Kaethe_Kollwitz_Str_02-150x150.jpg\" width=\"150\" height=\"150\" alt=\"\" \/><\/a>\r\n<\/dt><\/dl><dl class=\"gallery-item\">\n<dt class=\"gallery-icon\">\r\n<a href=\"https:\/\/www.feuerwehr-ibbenbueren.de\/wp-content\/uploads\/2023\/01\/20220101_Carport_Kaethe_Kollwitz_Str_03.jpg\" title=\"\" rel=\"gallery1\"><img loading=\"lazy\" decoding=\"async\" src=\"https:\/\/www.feuerwehr-ibbenbueren.de\/wp-content\/uploads\/2023\/01\/20220101_Carport_Kaethe_Kollwitz_Str_03-150x150.jpg\" width=\"150\" height=\"150\" alt=\"\" \/><\/a>\r\n<\/dt><\/dl><dl class=\"gallery-item\">\n<dt class=\"gallery-icon\">\r\n<a href=\"https:\/\/www.feuerwehr-ibbenbueren.de\/wp-content\/uploads\/2023\/01\/20220101_Carport_Kaethe_Kollwitz_Str_04.jpg\" title=\"\" rel=\"gallery1\"><img loading=\"lazy\" decoding=\"async\" src=\"https:\/\/www.feuerwehr-ibbenbueren.de\/wp-content\/uploads\/2023\/01\/20220101_Carport_Kaethe_Kollwitz_Str_04-150x150.jpg\" width=\"150\" height=\"150\" alt=\"\" \/><\/a>\r\n<\/dt><\/dl><br style=\"clear: both\" \/>\r\n\t\t<\/div>\n\n","protected":false},"excerpt":{"rendered":"<p>Einsatzbericht:\u00a0Der Dienstbetrieb sowie der L\u00f6schzug Stadtmitte 2 wurden mit dem Stichwort &#8222;Brand mittel&#8220; zur K\u00e4the-Kollwitz-Stra\u00dfe alarmiert.<\/p>\n","protected":false},"author":2,"featured_media":29804,"comment_status":"open","ping_status":"open","sticky":false,"template":"","format":"standard","meta":{"footnotes":""},"categories":[10,5],"tags":[241,489,71,490],"class_list":["post-29782","post","type-post","status-publish","format-standard","has-post-thumbnail","hentry","category-alle-beitraege","category-einsaetze","tag-brand-mittel","tag-dienstbetrieb-2023","tag-feuer","tag-stadtmitte-2-2023"],"_links":{"self":[{"href":"https:\/\/www.feuerwehr-ibbenbueren.de\/index.php?rest_route=\/wp\/v2\/posts\/29782","targetHints":{"allow":["GET"]}}],"collection":[{"href":"https:\/\/www.feuerwehr-ibbenbueren.de\/index.php?rest_route=\/wp\/v2\/posts"}],"about":[{"href":"https:\/\/www.feuerwehr-ibbenbueren.de\/index.php?rest_route=\/wp\/v2\/types\/post"}],"author":[{"embeddable":true,"href":"https:\/\/www.feuerwehr-ibbenbueren.de\/index.php?rest_route=\/wp\/v2\/users\/2"}],"replies":[{"embeddable":true,"href":"https:\/\/www.feuerwehr-ibbenbueren.de\/index.php?rest_route=%2Fwp%2Fv2%2Fcomments&post=29782"}],"version-history":[{"count":6,"href":"https:\/\/www.feuerwehr-ibbenbueren.de\/index.php?rest_route=\/wp\/v2\/posts\/29782\/revisions"}],"predecessor-version":[{"id":29810,"href":"https:\/\/www.feuerwehr-ibbenbueren.de\/index.php?rest_route=\/wp\/v2\/posts\/29782\/revisions\/29810"}],"wp:featuredmedia":[{"embeddable":true,"href":"https:\/\/www.feuerwehr-ibbenbueren.de\/index.php?rest_route=\/wp\/v2\/media\/29804"}],"wp:attachment":[{"href":"https:\/\/www.feuerwehr-ibbenbueren.de\/index.php?rest_route=%2Fwp%2Fv2%2Fmedia&parent=29782"}],"wp:term":[{"taxonomy":"category","embeddable":true,"href":"https:\/\/www.feuerwehr-ibbenbueren.de\/index.php?rest_route=%2Fwp%2Fv2%2Fcategories&post=29782"},{"taxonomy":"post_tag","embeddable":true,"href":"https:\/\/www.feuerwehr-ibbenbueren.de\/index.php?rest_route=%2Fwp%2Fv2%2Ftags&post=29782"}],"curies":[{"name":"wp","href":"https:\/\/api.w.org\/{rel}","templated":true}]}}