{"id":29784,"date":"2023-01-01T07:33:37","date_gmt":"2023-01-01T06:33:37","guid":{"rendered":"https:\/\/www.feuerwehr-ibbenbueren.de\/?p=29784"},"modified":"2023-01-01T08:53:32","modified_gmt":"2023-01-01T07:53:32","slug":"betriebsstoffe-aufnehmen-2-2-2-2-4-2-2-2-2-2-2-4-2-2-5-2-2-4-3-2-2-2-2-2-2-2-2-2-3-copy-2-copy-copy-copy-copy-copy-copy-6-copy-copy-2-copy-3-copy-3-copy-copy-copy-2","status":"publish","type":"post","link":"https:\/\/www.feuerwehr-ibbenbueren.de\/?p=29784","title":{"rendered":"Containerbrand"},"content":{"rendered":"<p><strong>Einsatzbericht:<\/strong> Die Feuerwehr Ibbenb\u00fcren wurde zu einem Containerbrand an der Gravenhorster Stra\u00dfe gerufen. <!--more--><\/p>\n<p>An der Einsatzstelle fanden die Einsatzkr\u00e4fte des L\u00f6schzuges Stadtmitte 2, die beim parallel laufenden Brandeinsatz an der K\u00e4the-Kollwitz-Stra\u00dfe nicht ben\u00f6tigt wurden, einen brennenden Elektroschrottcontainer vor.<\/p>\n<p>Das Feuer wurde unter PA mittels C-Rohr gel\u00f6scht.<\/p>\n<p>\u00dcbergabe der Einsatzstelle an die Polizei.<\/p>\n","protected":false},"excerpt":{"rendered":"<p>Einsatzbericht: Die Feuerwehr Ibbenb\u00fcren wurde zu einem Containerbrand an der Gravenhorster Stra\u00dfe gerufen.<\/p>\n","protected":false},"author":2,"featured_media":3023,"comment_status":"open","ping_status":"open","sticky":false,"template":"","format":"standard","meta":{"footnotes":""},"categories":[10,5],"tags":[313,71,490],"class_list":["post-29784","post","type-post","status-publish","format-standard","has-post-thumbnail","hentry","category-alle-beitraege","category-einsaetze","tag-brand-klein","tag-feuer","tag-stadtmitte-2-2023"],"_links":{"self":[{"href":"https:\/\/www.feuerwehr-ibbenbueren.de\/index.php?rest_route=\/wp\/v2\/posts\/29784","targetHints":{"allow":["GET"]}}],"collection":[{"href":"https:\/\/www.feuerwehr-ibbenbueren.de\/index.php?rest_route=\/wp\/v2\/posts"}],"about":[{"href":"https:\/\/www.feuerwehr-ibbenbueren.de\/index.php?rest_route=\/wp\/v2\/types\/post"}],"author":[{"embeddable":true,"href":"https:\/\/www.feuerwehr-ibbenbueren.de\/index.php?rest_route=\/wp\/v2\/users\/2"}],"replies":[{"embeddable":true,"href":"https:\/\/www.feuerwehr-ibbenbueren.de\/index.php?rest_route=%2Fwp%2Fv2%2Fcomments&post=29784"}],"version-history":[{"count":3,"href":"https:\/\/www.feuerwehr-ibbenbueren.de\/index.php?rest_route=\/wp\/v2\/posts\/29784\/revisions"}],"predecessor-version":[{"id":29787,"href":"https:\/\/www.feuerwehr-ibbenbueren.de\/index.php?rest_route=\/wp\/v2\/posts\/29784\/revisions\/29787"}],"wp:featuredmedia":[{"embeddable":true,"href":"https:\/\/www.feuerwehr-ibbenbueren.de\/index.php?rest_route=\/wp\/v2\/media\/3023"}],"wp:attachment":[{"href":"https:\/\/www.feuerwehr-ibbenbueren.de\/index.php?rest_route=%2Fwp%2Fv2%2Fmedia&parent=29784"}],"wp:term":[{"taxonomy":"category","embeddable":true,"href":"https:\/\/www.feuerwehr-ibbenbueren.de\/index.php?rest_route=%2Fwp%2Fv2%2Fcategories&post=29784"},{"taxonomy":"post_tag","embeddable":true,"href":"https:\/\/www.feuerwehr-ibbenbueren.de\/index.php?rest_route=%2Fwp%2Fv2%2Ftags&post=29784"}],"curies":[{"name":"wp","href":"https:\/\/api.w.org\/{rel}","templated":true}]}}