{"id":29875,"date":"2023-01-10T22:35:13","date_gmt":"2023-01-10T21:35:13","guid":{"rendered":"https:\/\/www.feuerwehr-ibbenbueren.de\/?p=29875"},"modified":"2023-01-11T11:20:48","modified_gmt":"2023-01-11T10:20:48","slug":"betriebsstoffe-aufnehmen-2-2-2-2-4-2-2-2-2-2-2-4-2-2-5-2-2-4-3-2-2-2-2-2-2-2-2-2-3-copy-2-copy-3-copy-3-copy-2-copy-copy-2-copy-copy-copy-copy-copy-2-copy-copy-2-copy-copy-copy-2-copy-copy-copy-cop-50","status":"publish","type":"post","link":"https:\/\/www.feuerwehr-ibbenbueren.de\/?p=29875","title":{"rendered":"Wasser Keller"},"content":{"rendered":"<p><strong>Einsatzbericht: <\/strong>Der Dienstbetrieb wurde mit dem Stichwort &#8222;Wasser Keller&#8220; alarmiert. <!--more--><\/p>\n<p>Vor Ort wurde ein Wasserrohrbruch in einem Gehweg festgestellt. Der Wasserversorgungsverband wurde informiert und die Einsatzstelle bis zum Eintreffen des Wasserversorgungsverbandes abgesichert.<\/p>\n<p>\u00dcbergabe der Einsatzstelle an Mitarbeiter des Wasserversorgungsverbandes f\u00fcr weitere Ma\u00dfnahmen.<\/p>\n","protected":false},"excerpt":{"rendered":"<p>Einsatzbericht: Der Dienstbetrieb wurde mit dem Stichwort &#8222;Wasser Keller&#8220; alarmiert.<\/p>\n","protected":false},"author":3,"featured_media":1829,"comment_status":"open","ping_status":"open","sticky":false,"template":"","format":"standard","meta":{"footnotes":""},"categories":[10,5],"tags":[488,73,207],"class_list":["post-29875","post","type-post","status-publish","format-standard","has-post-thumbnail","hentry","category-alle-beitraege","category-einsaetze","tag-nur-dienstbetrieb-2023","tag-th","tag-wasser"],"_links":{"self":[{"href":"https:\/\/www.feuerwehr-ibbenbueren.de\/index.php?rest_route=\/wp\/v2\/posts\/29875","targetHints":{"allow":["GET"]}}],"collection":[{"href":"https:\/\/www.feuerwehr-ibbenbueren.de\/index.php?rest_route=\/wp\/v2\/posts"}],"about":[{"href":"https:\/\/www.feuerwehr-ibbenbueren.de\/index.php?rest_route=\/wp\/v2\/types\/post"}],"author":[{"embeddable":true,"href":"https:\/\/www.feuerwehr-ibbenbueren.de\/index.php?rest_route=\/wp\/v2\/users\/3"}],"replies":[{"embeddable":true,"href":"https:\/\/www.feuerwehr-ibbenbueren.de\/index.php?rest_route=%2Fwp%2Fv2%2Fcomments&post=29875"}],"version-history":[{"count":1,"href":"https:\/\/www.feuerwehr-ibbenbueren.de\/index.php?rest_route=\/wp\/v2\/posts\/29875\/revisions"}],"predecessor-version":[{"id":29876,"href":"https:\/\/www.feuerwehr-ibbenbueren.de\/index.php?rest_route=\/wp\/v2\/posts\/29875\/revisions\/29876"}],"wp:featuredmedia":[{"embeddable":true,"href":"https:\/\/www.feuerwehr-ibbenbueren.de\/index.php?rest_route=\/wp\/v2\/media\/1829"}],"wp:attachment":[{"href":"https:\/\/www.feuerwehr-ibbenbueren.de\/index.php?rest_route=%2Fwp%2Fv2%2Fmedia&parent=29875"}],"wp:term":[{"taxonomy":"category","embeddable":true,"href":"https:\/\/www.feuerwehr-ibbenbueren.de\/index.php?rest_route=%2Fwp%2Fv2%2Fcategories&post=29875"},{"taxonomy":"post_tag","embeddable":true,"href":"https:\/\/www.feuerwehr-ibbenbueren.de\/index.php?rest_route=%2Fwp%2Fv2%2Ftags&post=29875"}],"curies":[{"name":"wp","href":"https:\/\/api.w.org\/{rel}","templated":true}]}}