{"id":30908,"date":"2023-04-25T16:43:44","date_gmt":"2023-04-25T14:43:44","guid":{"rendered":"https:\/\/www.feuerwehr-ibbenbueren.de\/?p=30908"},"modified":"2023-04-25T18:59:08","modified_gmt":"2023-04-25T16:59:08","slug":"betriebsstoffe-aufnehmen-3-2-2-3-copy-4","status":"publish","type":"post","link":"https:\/\/www.feuerwehr-ibbenbueren.de\/?p=30908","title":{"rendered":"\u00d6l-BAB,  Lkw-Dieseltank aufgerissen"},"content":{"rendered":"<blockquote><p><strong>Einsatzbericht: <\/strong>Der Dienstbetrieb wurde zu einer TH-Hilfe auf die Autobahn alarmiert.<\/p><\/blockquote>\n<blockquote><p><!--more--> Auf der A-30 war bei einem Lkw der Dieseltank so stark besch\u00e4digt worden, dass er auslief.<\/p><\/blockquote>\n<blockquote><p>Die Feuerwehr d\u00e4mmte zun\u00e4chst den bereits ausgelaufenen Kraftstoff ein, so dass keine weitere Umweltgef\u00e4hrdung davon ausging. Dann wurde der weiter auslaufende Diesel aufgefangen und der auf die Fahrbahn gelaufende Kraftstoff abgestreut. Des Weiteren wurde die schadhafte Stelle am Dieseltank abgedichtet.<\/p><\/blockquote>\n<blockquote><p>Die Einsatzstelle wurde anschlie\u00dfend an die Autobahnpolizei \u00fcbergeben.<\/p><\/blockquote>\n","protected":false},"excerpt":{"rendered":"<p>Einsatzbericht: Der Dienstbetrieb wurde zu einer TH-Hilfe auf die Autobahn alarmiert.<\/p>\n","protected":false},"author":8,"featured_media":3024,"comment_status":"open","ping_status":"open","sticky":false,"template":"","format":"standard","meta":{"footnotes":""},"categories":[10,5],"tags":[488,80,73],"class_list":["post-30908","post","type-post","status-publish","format-standard","has-post-thumbnail","hentry","category-alle-beitraege","category-einsaetze","tag-nur-dienstbetrieb-2023","tag-oel","tag-th"],"_links":{"self":[{"href":"https:\/\/www.feuerwehr-ibbenbueren.de\/index.php?rest_route=\/wp\/v2\/posts\/30908","targetHints":{"allow":["GET"]}}],"collection":[{"href":"https:\/\/www.feuerwehr-ibbenbueren.de\/index.php?rest_route=\/wp\/v2\/posts"}],"about":[{"href":"https:\/\/www.feuerwehr-ibbenbueren.de\/index.php?rest_route=\/wp\/v2\/types\/post"}],"author":[{"embeddable":true,"href":"https:\/\/www.feuerwehr-ibbenbueren.de\/index.php?rest_route=\/wp\/v2\/users\/8"}],"replies":[{"embeddable":true,"href":"https:\/\/www.feuerwehr-ibbenbueren.de\/index.php?rest_route=%2Fwp%2Fv2%2Fcomments&post=30908"}],"version-history":[{"count":5,"href":"https:\/\/www.feuerwehr-ibbenbueren.de\/index.php?rest_route=\/wp\/v2\/posts\/30908\/revisions"}],"predecessor-version":[{"id":30913,"href":"https:\/\/www.feuerwehr-ibbenbueren.de\/index.php?rest_route=\/wp\/v2\/posts\/30908\/revisions\/30913"}],"wp:featuredmedia":[{"embeddable":true,"href":"https:\/\/www.feuerwehr-ibbenbueren.de\/index.php?rest_route=\/wp\/v2\/media\/3024"}],"wp:attachment":[{"href":"https:\/\/www.feuerwehr-ibbenbueren.de\/index.php?rest_route=%2Fwp%2Fv2%2Fmedia&parent=30908"}],"wp:term":[{"taxonomy":"category","embeddable":true,"href":"https:\/\/www.feuerwehr-ibbenbueren.de\/index.php?rest_route=%2Fwp%2Fv2%2Fcategories&post=30908"},{"taxonomy":"post_tag","embeddable":true,"href":"https:\/\/www.feuerwehr-ibbenbueren.de\/index.php?rest_route=%2Fwp%2Fv2%2Ftags&post=30908"}],"curies":[{"name":"wp","href":"https:\/\/api.w.org\/{rel}","templated":true}]}}