{"id":30924,"date":"2023-04-27T02:13:43","date_gmt":"2023-04-27T00:13:43","guid":{"rendered":"https:\/\/www.feuerwehr-ibbenbueren.de\/?p=30924"},"modified":"2023-04-27T10:17:51","modified_gmt":"2023-04-27T08:17:51","slug":"betriebsstoffe-aufnehmen-2-2-2-2-4-2-2-2-2-2-2-4-2-2-5-2-2-4-3-2-2-2-2-2-2-2-2-2-3-copy-2-copy-3-copy-3-copy-2-copy-2-copy-3-copy-copy-copy-copy-2-copy-copy-copy-copy-2-copy-2-copy-2-copy","status":"publish","type":"post","link":"https:\/\/www.feuerwehr-ibbenbueren.de\/?p=30924","title":{"rendered":"\u00dcber\u00f6rtliche Hilfe: Brand gro\u00df Tecklenburg"},"content":{"rendered":"<p><strong>Einsatzbericht: <\/strong>Mit dem Stichwort &#8222;Brand gro\u00df&#8220; wurden der\u00a0 L\u00f6schzuge Laggenbeck in der Nacht zum Donnerstag nach Tecklenburg alarmiert. <!--more--><\/p>\n<p>Die Feuerwehr Tecklenburg war zu einem Hotelbrand alarmiert worden und alarmierte den L\u00f6schzug Laggenbeck zur Unterst\u00fctzung mit Atemschutzger\u00e4tetr\u00e4gern nach.<\/p>\n<p>Die Einsatzkr\u00e4fte und Fahrzeuge des L\u00f6schzuges Laggenbeck fuhren einen Bereitstellungsraum in Tecklenburg an und hielten sich hier in Bereitschaft.<\/p>\n<p>Durch den Einsatzverlauf war ein Einsatz der Kr\u00e4fte aus Laggenbeck nicht mehr notwendig.<\/p>\n<p>&nbsp;<\/p>\n<p>Bild mit freundlicher Genehmigung der IVZ<\/p>\n<p><a href=\"https:\/\/www.ivz-aktuell.de\/articles\/259423\/tecklenburg\/blaulicht-sicherheit\/ehemaliges-hotel-durch-brand-zerstoert\" target=\"_blank\" rel=\"noopener\">Link zum Onlinebericht der IVZ\u00a0<\/a><\/p>\n","protected":false},"excerpt":{"rendered":"<p>Einsatzbericht: Mit dem Stichwort &#8222;Brand gro\u00df&#8220; wurden der\u00a0 L\u00f6schzuge Laggenbeck in der Nacht zum Donnerstag nach Tecklenburg alarmiert.<\/p>\n","protected":false},"author":11,"featured_media":30930,"comment_status":"open","ping_status":"open","sticky":false,"template":"","format":"standard","meta":{"footnotes":""},"categories":[10,5],"tags":[292,85,492,168],"class_list":["post-30924","post","type-post","status-publish","format-standard","has-post-thumbnail","hentry","category-alle-beitraege","category-einsaetze","tag-brand-gross","tag-laggenbeck","tag-laggenbeck-2023","tag-ueberoertliche-hilfe"],"_links":{"self":[{"href":"https:\/\/www.feuerwehr-ibbenbueren.de\/index.php?rest_route=\/wp\/v2\/posts\/30924","targetHints":{"allow":["GET"]}}],"collection":[{"href":"https:\/\/www.feuerwehr-ibbenbueren.de\/index.php?rest_route=\/wp\/v2\/posts"}],"about":[{"href":"https:\/\/www.feuerwehr-ibbenbueren.de\/index.php?rest_route=\/wp\/v2\/types\/post"}],"author":[{"embeddable":true,"href":"https:\/\/www.feuerwehr-ibbenbueren.de\/index.php?rest_route=\/wp\/v2\/users\/11"}],"replies":[{"embeddable":true,"href":"https:\/\/www.feuerwehr-ibbenbueren.de\/index.php?rest_route=%2Fwp%2Fv2%2Fcomments&post=30924"}],"version-history":[{"count":3,"href":"https:\/\/www.feuerwehr-ibbenbueren.de\/index.php?rest_route=\/wp\/v2\/posts\/30924\/revisions"}],"predecessor-version":[{"id":30931,"href":"https:\/\/www.feuerwehr-ibbenbueren.de\/index.php?rest_route=\/wp\/v2\/posts\/30924\/revisions\/30931"}],"wp:featuredmedia":[{"embeddable":true,"href":"https:\/\/www.feuerwehr-ibbenbueren.de\/index.php?rest_route=\/wp\/v2\/media\/30930"}],"wp:attachment":[{"href":"https:\/\/www.feuerwehr-ibbenbueren.de\/index.php?rest_route=%2Fwp%2Fv2%2Fmedia&parent=30924"}],"wp:term":[{"taxonomy":"category","embeddable":true,"href":"https:\/\/www.feuerwehr-ibbenbueren.de\/index.php?rest_route=%2Fwp%2Fv2%2Fcategories&post=30924"},{"taxonomy":"post_tag","embeddable":true,"href":"https:\/\/www.feuerwehr-ibbenbueren.de\/index.php?rest_route=%2Fwp%2Fv2%2Ftags&post=30924"}],"curies":[{"name":"wp","href":"https:\/\/api.w.org\/{rel}","templated":true}]}}