{"id":31098,"date":"2023-05-17T23:31:58","date_gmt":"2023-05-17T21:31:58","guid":{"rendered":"https:\/\/www.feuerwehr-ibbenbueren.de\/?p=31098"},"modified":"2023-05-18T05:42:10","modified_gmt":"2023-05-18T03:42:10","slug":"kleinbrand-2-2-4-3-3-2-2-2-copy-copy-2-copy-2-copy-2-copy-copy-copy-3-copy-copy-copy-copy-2-copy-2-copy-2-copy-2-copy-copy-2-copy-2-copy-2-copy-copy-copy-2-copy-copy-copy-copy-copy-copy-copy-copy-2-19","status":"publish","type":"post","link":"https:\/\/www.feuerwehr-ibbenbueren.de\/?p=31098","title":{"rendered":"BMA ZUE Schwarzer Weg"},"content":{"rendered":"<p><strong>Einsatzbericht:\u00a0<\/strong>Der Dienstbetrieb und der L\u00f6schzug Stadtmitte 1 wurden zu einer ausgel\u00f6sten Brandmeldeanlage (BMA) zur Zentralen Unterbringungseinrichtung f\u00fcr Fl\u00fcchtlinge (ZUE) gerufen. <!--more--><\/p>\n<p>Ausl\u00f6sung der BMA durch einen bet\u00e4tigten Druckknopfmelder. Kontrolle des betroffenen Bereichs durch die Feuerwehr: kein Rauch, kein Feuer.<\/p>\n<p>\u00dcbergabe der Einsatzstelle an den Betreiber der Einrichtung.<\/p>\n","protected":false},"excerpt":{"rendered":"<p>Einsatzbericht:\u00a0Der Dienstbetrieb und der L\u00f6schzug Stadtmitte 1 wurden zu einer ausgel\u00f6sten Brandmeldeanlage (BMA) zur Zentralen Unterbringungseinrichtung f\u00fcr Fl\u00fcchtlinge (ZUE) gerufen.<\/p>\n","protected":false},"author":2,"featured_media":3025,"comment_status":"open","ping_status":"open","sticky":false,"template":"","format":"standard","meta":{"footnotes":""},"categories":[10,1,5],"tags":[67,489,491],"class_list":["post-31098","post","type-post","status-publish","format-standard","has-post-thumbnail","hentry","category-alle-beitraege","category-allgemein","category-einsaetze","tag-bma","tag-dienstbetrieb-2023","tag-stadtmitte-1-2023"],"_links":{"self":[{"href":"https:\/\/www.feuerwehr-ibbenbueren.de\/index.php?rest_route=\/wp\/v2\/posts\/31098","targetHints":{"allow":["GET"]}}],"collection":[{"href":"https:\/\/www.feuerwehr-ibbenbueren.de\/index.php?rest_route=\/wp\/v2\/posts"}],"about":[{"href":"https:\/\/www.feuerwehr-ibbenbueren.de\/index.php?rest_route=\/wp\/v2\/types\/post"}],"author":[{"embeddable":true,"href":"https:\/\/www.feuerwehr-ibbenbueren.de\/index.php?rest_route=\/wp\/v2\/users\/2"}],"replies":[{"embeddable":true,"href":"https:\/\/www.feuerwehr-ibbenbueren.de\/index.php?rest_route=%2Fwp%2Fv2%2Fcomments&post=31098"}],"version-history":[{"count":1,"href":"https:\/\/www.feuerwehr-ibbenbueren.de\/index.php?rest_route=\/wp\/v2\/posts\/31098\/revisions"}],"predecessor-version":[{"id":31099,"href":"https:\/\/www.feuerwehr-ibbenbueren.de\/index.php?rest_route=\/wp\/v2\/posts\/31098\/revisions\/31099"}],"wp:featuredmedia":[{"embeddable":true,"href":"https:\/\/www.feuerwehr-ibbenbueren.de\/index.php?rest_route=\/wp\/v2\/media\/3025"}],"wp:attachment":[{"href":"https:\/\/www.feuerwehr-ibbenbueren.de\/index.php?rest_route=%2Fwp%2Fv2%2Fmedia&parent=31098"}],"wp:term":[{"taxonomy":"category","embeddable":true,"href":"https:\/\/www.feuerwehr-ibbenbueren.de\/index.php?rest_route=%2Fwp%2Fv2%2Fcategories&post=31098"},{"taxonomy":"post_tag","embeddable":true,"href":"https:\/\/www.feuerwehr-ibbenbueren.de\/index.php?rest_route=%2Fwp%2Fv2%2Ftags&post=31098"}],"curies":[{"name":"wp","href":"https:\/\/api.w.org\/{rel}","templated":true}]}}