{"id":31318,"date":"2023-06-09T15:07:44","date_gmt":"2023-06-09T13:07:44","guid":{"rendered":"https:\/\/www.feuerwehr-ibbenbueren.de\/?p=31318"},"modified":"2023-06-10T08:57:00","modified_gmt":"2023-06-10T06:57:00","slug":"bma-teutoburger-oelmuehle-2-2-5-2-2-2-2-2-2-2-2-copy-copy-copy-3-copy-2-copy-copy-copy-4-copy-2-copy-4-copy-2-copy-3-copy-2-copy-copy-copy","status":"publish","type":"post","link":"https:\/\/www.feuerwehr-ibbenbueren.de\/?p=31318","title":{"rendered":"\u00dcber\u00f6rtliche Hilfe TLF4000"},"content":{"rendered":"<p><strong>Einsatzbericht:\u00a0<\/strong>Das Tankl\u00f6schfahrzeug wurde zu einer \u00fcber\u00f6rtlichen Hilfe bei einem Brandeinsatz der Feuerwehr Westerkappeln angefordert.<!--more--><\/p>\n<p>Das TLF4000 wurde bei einem Scheunenbrand der Feuerwehr Westerkappeln eingesetzt.<\/p>\n","protected":false},"excerpt":{"rendered":"<p>Einsatzbericht:\u00a0Das Tankl\u00f6schfahrzeug wurde zu einer \u00fcber\u00f6rtlichen Hilfe bei einem Brandeinsatz der Feuerwehr Westerkappeln angefordert.<\/p>\n","protected":false},"author":2,"featured_media":3023,"comment_status":"open","ping_status":"open","sticky":false,"template":"","format":"standard","meta":{"footnotes":""},"categories":[10,5],"tags":[489,71,490,224,168],"class_list":["post-31318","post","type-post","status-publish","format-standard","has-post-thumbnail","hentry","category-alle-beitraege","category-einsaetze","tag-dienstbetrieb-2023","tag-feuer","tag-stadtmitte-2-2023","tag-tlf-4000","tag-ueberoertliche-hilfe"],"_links":{"self":[{"href":"https:\/\/www.feuerwehr-ibbenbueren.de\/index.php?rest_route=\/wp\/v2\/posts\/31318","targetHints":{"allow":["GET"]}}],"collection":[{"href":"https:\/\/www.feuerwehr-ibbenbueren.de\/index.php?rest_route=\/wp\/v2\/posts"}],"about":[{"href":"https:\/\/www.feuerwehr-ibbenbueren.de\/index.php?rest_route=\/wp\/v2\/types\/post"}],"author":[{"embeddable":true,"href":"https:\/\/www.feuerwehr-ibbenbueren.de\/index.php?rest_route=\/wp\/v2\/users\/2"}],"replies":[{"embeddable":true,"href":"https:\/\/www.feuerwehr-ibbenbueren.de\/index.php?rest_route=%2Fwp%2Fv2%2Fcomments&post=31318"}],"version-history":[{"count":2,"href":"https:\/\/www.feuerwehr-ibbenbueren.de\/index.php?rest_route=\/wp\/v2\/posts\/31318\/revisions"}],"predecessor-version":[{"id":31320,"href":"https:\/\/www.feuerwehr-ibbenbueren.de\/index.php?rest_route=\/wp\/v2\/posts\/31318\/revisions\/31320"}],"wp:featuredmedia":[{"embeddable":true,"href":"https:\/\/www.feuerwehr-ibbenbueren.de\/index.php?rest_route=\/wp\/v2\/media\/3023"}],"wp:attachment":[{"href":"https:\/\/www.feuerwehr-ibbenbueren.de\/index.php?rest_route=%2Fwp%2Fv2%2Fmedia&parent=31318"}],"wp:term":[{"taxonomy":"category","embeddable":true,"href":"https:\/\/www.feuerwehr-ibbenbueren.de\/index.php?rest_route=%2Fwp%2Fv2%2Fcategories&post=31318"},{"taxonomy":"post_tag","embeddable":true,"href":"https:\/\/www.feuerwehr-ibbenbueren.de\/index.php?rest_route=%2Fwp%2Fv2%2Ftags&post=31318"}],"curies":[{"name":"wp","href":"https:\/\/api.w.org\/{rel}","templated":true}]}}