{"id":31702,"date":"2023-07-16T10:09:41","date_gmt":"2023-07-16T08:09:41","guid":{"rendered":"https:\/\/www.feuerwehr-ibbenbueren.de\/?p=31702"},"modified":"2023-07-17T09:28:32","modified_gmt":"2023-07-17T07:28:32","slug":"th-klein-2-copy-copy-copy-copy-copy-copy-copy-copy-2-copy-4-copy-copy-copy-copy-copy-copy-2-copy-copy-copy-copy-2-copy-2-copy-2-copy-3-copy-2-copy-copy","status":"publish","type":"post","link":"https:\/\/www.feuerwehr-ibbenbueren.de\/?p=31702","title":{"rendered":"Verkehrsunfall B219"},"content":{"rendered":"<p><strong>Einsatzbericht:<\/strong> Der Dienstbetrieb und der L\u00f6schzug D\u00f6renthe wurden zu einem Verkehrsunfall auf der B219 alarmiert.<!--more--><\/p>\n<p>Ein Motorradfahrer befuhr die M\u00fcnsterstra\u00dfe (B219) aus Richtung D\u00f6renthe kommend in Richtung Sommerrodelbahn Ibbenb\u00fcren. Im Verlauf einer langgezogenen Rechtsbiegung geriet der Motorradfahrer aus bisher ungekl\u00e4rter Ursache nach links auf den Fahrstreifen des Gegenverkehrs. Hier kollidiert er mit zwei entgegenkommenden Pkw.<\/p>\n<p>Die Feuerwehr sperrte die Einsatzstelle ab und unterst\u00fctzte den Rettungsdienst.<\/p>\n<p>Die Einsatzstelle wurde nach knapp einer Stunde f\u00fcr die Unfallaufnahme an das Unfallteams der Polizei Steinfurt \u00fcbergeben.<\/p>\n<p><a href=\"https:\/\/www.ivz-aktuell.de\/articles\/278351\/ibbenbueren\/blaulicht-sicherheit\/motorradfahrer-stirbt-bei-unfall\" target=\"_blank\" rel=\"noopener\">LINK zum Bericht auf IVZ-aktuell.de (f\u00fcr Abonnenten)<\/a><\/p>\n<p><a href=\"https:\/\/www.nwm-tv.de\/news\/news-anzeigen\/?news_id=19061\" target=\"_blank\" rel=\"noopener\">LINK zum Onlinebericht auf Nord <\/a><a href=\"https:\/\/www.nwm-tv.de\/news\/news-anzeigen\/?news_id=19061\" target=\"_blank\" rel=\"noopener\">West Media TV<\/a><\/p>\n<p>Bild mit freundlicher Genehmigung von Nord West Media TV<\/p>\n","protected":false},"excerpt":{"rendered":"<p>Einsatzbericht: Der Dienstbetrieb und der L\u00f6schzug D\u00f6renthe wurden zu einem Verkehrsunfall auf der B219 alarmiert.<\/p>\n","protected":false},"author":15,"featured_media":31744,"comment_status":"open","ping_status":"open","sticky":false,"template":"","format":"standard","meta":{"footnotes":""},"categories":[10,5],"tags":[489,498,73,74],"class_list":["post-31702","post","type-post","status-publish","format-standard","has-post-thumbnail","hentry","category-alle-beitraege","category-einsaetze","tag-dienstbetrieb-2023","tag-doerenthe-2023","tag-th","tag-vu"],"_links":{"self":[{"href":"https:\/\/www.feuerwehr-ibbenbueren.de\/index.php?rest_route=\/wp\/v2\/posts\/31702","targetHints":{"allow":["GET"]}}],"collection":[{"href":"https:\/\/www.feuerwehr-ibbenbueren.de\/index.php?rest_route=\/wp\/v2\/posts"}],"about":[{"href":"https:\/\/www.feuerwehr-ibbenbueren.de\/index.php?rest_route=\/wp\/v2\/types\/post"}],"author":[{"embeddable":true,"href":"https:\/\/www.feuerwehr-ibbenbueren.de\/index.php?rest_route=\/wp\/v2\/users\/15"}],"replies":[{"embeddable":true,"href":"https:\/\/www.feuerwehr-ibbenbueren.de\/index.php?rest_route=%2Fwp%2Fv2%2Fcomments&post=31702"}],"version-history":[{"count":11,"href":"https:\/\/www.feuerwehr-ibbenbueren.de\/index.php?rest_route=\/wp\/v2\/posts\/31702\/revisions"}],"predecessor-version":[{"id":31745,"href":"https:\/\/www.feuerwehr-ibbenbueren.de\/index.php?rest_route=\/wp\/v2\/posts\/31702\/revisions\/31745"}],"wp:featuredmedia":[{"embeddable":true,"href":"https:\/\/www.feuerwehr-ibbenbueren.de\/index.php?rest_route=\/wp\/v2\/media\/31744"}],"wp:attachment":[{"href":"https:\/\/www.feuerwehr-ibbenbueren.de\/index.php?rest_route=%2Fwp%2Fv2%2Fmedia&parent=31702"}],"wp:term":[{"taxonomy":"category","embeddable":true,"href":"https:\/\/www.feuerwehr-ibbenbueren.de\/index.php?rest_route=%2Fwp%2Fv2%2Fcategories&post=31702"},{"taxonomy":"post_tag","embeddable":true,"href":"https:\/\/www.feuerwehr-ibbenbueren.de\/index.php?rest_route=%2Fwp%2Fv2%2Ftags&post=31702"}],"curies":[{"name":"wp","href":"https:\/\/api.w.org\/{rel}","templated":true}]}}