{"id":31706,"date":"2023-07-15T12:52:02","date_gmt":"2023-07-15T10:52:02","guid":{"rendered":"https:\/\/www.feuerwehr-ibbenbueren.de\/?p=31706"},"modified":"2023-07-15T21:03:32","modified_gmt":"2023-07-15T19:03:32","slug":"betriebsstoffe-aufnehmen-2-2-2-2-4-2-2-2-2-2-2-4-2-2-5-2-2-4-3-2-2-2-2-2-2-2-2-2-3-copy-2-copy-3-copy-3-copy-2-copy-2-copy-3-copy-copy-copy-copy-2-copy-copy-copy-copy-copy-2-copy-2-copy-copy-copy","status":"publish","type":"post","link":"https:\/\/www.feuerwehr-ibbenbueren.de\/?p=31706","title":{"rendered":"Baum auf Stra\u00dfe Von der Heydt"},"content":{"rendered":"<p><strong>Einsatzbericht: <\/strong>Der Dienstbetrieb wurde mit dem Stichwort &#8222;Baum Stra\u00dfe&#8220; alarmiert. <!--more--><\/p>\n<p>An der Einsatzstelle gab es einen umgeknickten Baumstamm und zwei gro\u00dfe abgeknickte \u00c4ste auf der Fahrbahn.<\/p>\n<p>Mittels Drehleiter und drei Kettens\u00e4gen wurden der Baum und die \u00c4ste zerlegt und anschlie\u00dfend von der Fahrbahn ger\u00e4umt.<\/p>\n<p>Da die Standfestigkeit weiterer B\u00e4ume unsicher war, wurde die Stra\u00dfe vom Bauhof gesperrt.<\/p>\n\n\t\t<div id='gallery-1' class='gallery galleryid-31706 gallery-columns-4 gallery-size-thumbnail gallery1'><script type=\"text\/javascript\">\r\n\/\/ <![CDATA[\r\n\tjQuery(document).ready(function () {\r\n\t\tjQuery(\".gallery1 a\").attr(\"rel\",\"gallery1\");\t\r\n\t\tjQuery('a[rel=\"gallery1\"]').colorbox({maxWidth:\"95%\", maxHeight:\"95%\",title: function(){ return jQuery(this).children().attr(\"alt\"); }, });\r\n\t});\r\n\/\/ ]]>\r\n<\/script>\n<dl class=\"gallery-item\">\n<dt class=\"gallery-icon\">\r\n<a href=\"https:\/\/www.feuerwehr-ibbenbueren.de\/wp-content\/uploads\/2023\/07\/IMG-20230715-WA0016.jpg\" title=\"\" rel=\"gallery1\"><img loading=\"lazy\" decoding=\"async\" src=\"https:\/\/www.feuerwehr-ibbenbueren.de\/wp-content\/uploads\/2023\/07\/IMG-20230715-WA0016-150x150.jpg\" width=\"150\" height=\"150\" alt=\"\" \/><\/a>\r\n<\/dt><\/dl><dl class=\"gallery-item\">\n<dt class=\"gallery-icon\">\r\n<a href=\"https:\/\/www.feuerwehr-ibbenbueren.de\/wp-content\/uploads\/2023\/07\/IMG-20230715-WA0017.jpg\" title=\"\" rel=\"gallery1\"><img loading=\"lazy\" decoding=\"async\" src=\"https:\/\/www.feuerwehr-ibbenbueren.de\/wp-content\/uploads\/2023\/07\/IMG-20230715-WA0017-150x150.jpg\" width=\"150\" height=\"150\" alt=\"\" \/><\/a>\r\n<\/dt><\/dl><dl class=\"gallery-item\">\n<dt class=\"gallery-icon\">\r\n<a href=\"https:\/\/www.feuerwehr-ibbenbueren.de\/wp-content\/uploads\/2023\/07\/IMG-20230715-WA0019-e1689447563488.jpg\" title=\"\" rel=\"gallery1\"><img loading=\"lazy\" decoding=\"async\" src=\"https:\/\/www.feuerwehr-ibbenbueren.de\/wp-content\/uploads\/2023\/07\/IMG-20230715-WA0019-e1689447563488-150x150.jpg\" width=\"150\" height=\"150\" alt=\"\" \/><\/a>\r\n<\/dt><\/dl><dl class=\"gallery-item\">\n<dt class=\"gallery-icon\">\r\n<a href=\"https:\/\/www.feuerwehr-ibbenbueren.de\/wp-content\/uploads\/2023\/07\/IMG-20230715-WA0022.jpg\" title=\"\" rel=\"gallery1\"><img loading=\"lazy\" decoding=\"async\" src=\"https:\/\/www.feuerwehr-ibbenbueren.de\/wp-content\/uploads\/2023\/07\/IMG-20230715-WA0022-150x150.jpg\" width=\"150\" height=\"150\" alt=\"\" \/><\/a>\r\n<\/dt><\/dl><br style=\"clear: both\" \/><dl class=\"gallery-item\">\n<dt class=\"gallery-icon\">\r\n<a href=\"https:\/\/www.feuerwehr-ibbenbueren.de\/wp-content\/uploads\/2023\/07\/IMG-20230715-WA0020.jpg\" title=\"\" rel=\"gallery1\"><img loading=\"lazy\" decoding=\"async\" src=\"https:\/\/www.feuerwehr-ibbenbueren.de\/wp-content\/uploads\/2023\/07\/IMG-20230715-WA0020-150x150.jpg\" width=\"150\" height=\"150\" alt=\"\" \/><\/a>\r\n<\/dt><\/dl>\r\n\t\t\t<br style='clear: both' \/>\r\n\t\t<\/div>\n\n","protected":false},"excerpt":{"rendered":"<p>Einsatzbericht: Der Dienstbetrieb wurde mit dem Stichwort &#8222;Baum Stra\u00dfe&#8220; alarmiert.<\/p>\n","protected":false},"author":2,"featured_media":31707,"comment_status":"open","ping_status":"open","sticky":false,"template":"","format":"standard","meta":{"footnotes":""},"categories":[10,5],"tags":[112,488,491,490,73],"class_list":["post-31706","post","type-post","status-publish","format-standard","has-post-thumbnail","hentry","category-alle-beitraege","category-einsaetze","tag-baum","tag-nur-dienstbetrieb-2023","tag-stadtmitte-1-2023","tag-stadtmitte-2-2023","tag-th"],"_links":{"self":[{"href":"https:\/\/www.feuerwehr-ibbenbueren.de\/index.php?rest_route=\/wp\/v2\/posts\/31706","targetHints":{"allow":["GET"]}}],"collection":[{"href":"https:\/\/www.feuerwehr-ibbenbueren.de\/index.php?rest_route=\/wp\/v2\/posts"}],"about":[{"href":"https:\/\/www.feuerwehr-ibbenbueren.de\/index.php?rest_route=\/wp\/v2\/types\/post"}],"author":[{"embeddable":true,"href":"https:\/\/www.feuerwehr-ibbenbueren.de\/index.php?rest_route=\/wp\/v2\/users\/2"}],"replies":[{"embeddable":true,"href":"https:\/\/www.feuerwehr-ibbenbueren.de\/index.php?rest_route=%2Fwp%2Fv2%2Fcomments&post=31706"}],"version-history":[{"count":3,"href":"https:\/\/www.feuerwehr-ibbenbueren.de\/index.php?rest_route=\/wp\/v2\/posts\/31706\/revisions"}],"predecessor-version":[{"id":31716,"href":"https:\/\/www.feuerwehr-ibbenbueren.de\/index.php?rest_route=\/wp\/v2\/posts\/31706\/revisions\/31716"}],"wp:featuredmedia":[{"embeddable":true,"href":"https:\/\/www.feuerwehr-ibbenbueren.de\/index.php?rest_route=\/wp\/v2\/media\/31707"}],"wp:attachment":[{"href":"https:\/\/www.feuerwehr-ibbenbueren.de\/index.php?rest_route=%2Fwp%2Fv2%2Fmedia&parent=31706"}],"wp:term":[{"taxonomy":"category","embeddable":true,"href":"https:\/\/www.feuerwehr-ibbenbueren.de\/index.php?rest_route=%2Fwp%2Fv2%2Fcategories&post=31706"},{"taxonomy":"post_tag","embeddable":true,"href":"https:\/\/www.feuerwehr-ibbenbueren.de\/index.php?rest_route=%2Fwp%2Fv2%2Ftags&post=31706"}],"curies":[{"name":"wp","href":"https:\/\/api.w.org\/{rel}","templated":true}]}}