{"id":31904,"date":"2023-08-06T21:12:16","date_gmt":"2023-08-06T19:12:16","guid":{"rendered":"https:\/\/www.feuerwehr-ibbenbueren.de\/?p=31904"},"modified":"2023-08-07T05:00:30","modified_gmt":"2023-08-07T03:00:30","slug":"betriebsstoffe-aufnehmen-2-2-2-2-4-2-2-2-2-2-2-4-2-2-5-2-2-4-3-2-2-2-2-2-2-2-2-2-3-copy-2-copy-3-copy-3-copy-2-copy-2-copy-3-copy-copy-copy-copy-2-copy-copy-copy-copy-3-copy-copy-copy-2-copy-copy-copy","status":"publish","type":"post","link":"https:\/\/www.feuerwehr-ibbenbueren.de\/?p=31904","title":{"rendered":"TH klein &#8211; Baum droht umzust\u00fcrzen"},"content":{"rendered":"<p><strong>Einsatzbericht: <\/strong>Der L\u00f6schzug Stadtmitte 1 wurde mit dem Stichwort &#8222;TH klein&#8220; alarmiert. <!--more--><\/p>\n<p>An der Einsatzstelle drohte ein Baum umzust\u00fcrzen. Es waren aber keine Ma\u00dfnahmen der Feuerwehr n\u00f6tig.<\/p>\n<p>\u00dcbergabe der Einsatzstelle zur weiteren Bearbeitung an den st\u00e4dtischen Bauhof.<\/p>\n","protected":false},"excerpt":{"rendered":"<p>Einsatzbericht: Der L\u00f6schzug Stadtmitte 1 wurde mit dem Stichwort &#8222;TH klein&#8220; alarmiert.<\/p>\n","protected":false},"author":2,"featured_media":1829,"comment_status":"open","ping_status":"open","sticky":false,"template":"","format":"standard","meta":{"footnotes":""},"categories":[10,5],"tags":[112,491,73,339],"class_list":["post-31904","post","type-post","status-publish","format-standard","has-post-thumbnail","hentry","category-alle-beitraege","category-einsaetze","tag-baum","tag-stadtmitte-1-2023","tag-th","tag-th-klein"],"_links":{"self":[{"href":"https:\/\/www.feuerwehr-ibbenbueren.de\/index.php?rest_route=\/wp\/v2\/posts\/31904","targetHints":{"allow":["GET"]}}],"collection":[{"href":"https:\/\/www.feuerwehr-ibbenbueren.de\/index.php?rest_route=\/wp\/v2\/posts"}],"about":[{"href":"https:\/\/www.feuerwehr-ibbenbueren.de\/index.php?rest_route=\/wp\/v2\/types\/post"}],"author":[{"embeddable":true,"href":"https:\/\/www.feuerwehr-ibbenbueren.de\/index.php?rest_route=\/wp\/v2\/users\/2"}],"replies":[{"embeddable":true,"href":"https:\/\/www.feuerwehr-ibbenbueren.de\/index.php?rest_route=%2Fwp%2Fv2%2Fcomments&post=31904"}],"version-history":[{"count":5,"href":"https:\/\/www.feuerwehr-ibbenbueren.de\/index.php?rest_route=\/wp\/v2\/posts\/31904\/revisions"}],"predecessor-version":[{"id":31913,"href":"https:\/\/www.feuerwehr-ibbenbueren.de\/index.php?rest_route=\/wp\/v2\/posts\/31904\/revisions\/31913"}],"wp:featuredmedia":[{"embeddable":true,"href":"https:\/\/www.feuerwehr-ibbenbueren.de\/index.php?rest_route=\/wp\/v2\/media\/1829"}],"wp:attachment":[{"href":"https:\/\/www.feuerwehr-ibbenbueren.de\/index.php?rest_route=%2Fwp%2Fv2%2Fmedia&parent=31904"}],"wp:term":[{"taxonomy":"category","embeddable":true,"href":"https:\/\/www.feuerwehr-ibbenbueren.de\/index.php?rest_route=%2Fwp%2Fv2%2Fcategories&post=31904"},{"taxonomy":"post_tag","embeddable":true,"href":"https:\/\/www.feuerwehr-ibbenbueren.de\/index.php?rest_route=%2Fwp%2Fv2%2Ftags&post=31904"}],"curies":[{"name":"wp","href":"https:\/\/api.w.org\/{rel}","templated":true}]}}