{"id":32144,"date":"2023-08-23T10:44:40","date_gmt":"2023-08-23T08:44:40","guid":{"rendered":"https:\/\/www.feuerwehr-ibbenbueren.de\/?p=32144"},"modified":"2023-08-24T11:33:25","modified_gmt":"2023-08-24T09:33:25","slug":"th-klein-2-copy-copy-copy-copy-copy-copy-copy-copy-2-copy-4-copy-copy-copy-copy-copy-copy-2-copy-copy-copy-copy-2-copy-2-copy-2-copy-3-copy-2-copy-copy-copy-copy-copy","status":"publish","type":"post","link":"https:\/\/www.feuerwehr-ibbenbueren.de\/?p=32144","title":{"rendered":"VU P klemmt Hopstener Stra\u00dfe"},"content":{"rendered":"<p><strong>Einsatzbericht:<\/strong> Der Dienstbetrieb und der L\u00f6schzug Stadtmitte 1 wurden zu einem Verkehrsunfall mit einer eingeklemmten Person alarmiert.<!--more--><\/p>\n<p>An der Einsatzstelle war eine Person mit einem Elektro-Krankenfahrstuhl bei einem Abbiegevorgang unter einen Lkw mit Sattelauflieger geraten und dort eingeklemmt.<\/p>\n<p>Die schwerverletzte Person wurde mit hydraulischem Rettungsger\u00e4t befreit und dem Rettungsdienst \u00fcbergeben. W\u00e4hrend der technischen Rettung wurde vom Rettungsdienst eine medizinische Versorgung eingeleitet und anschlie\u00dfend ein Transport ins Krankenhaus durchgef\u00fchrt.<\/p>\n<p>Die Einsatzstelle wurde an die Polizei \u00fcbergeben.<\/p>\n<p><a href=\"https:\/\/www.ivz-aktuell.de\/articles\/286614\/ibbenbueren\/blaulicht-sicherheit\/88-jaehriger-wird-schwer-verletzt\" target=\"_blank\" rel=\"noopener\">LINK zum Bericht auf ivz-aktuell.de (f\u00fcr Abonnenten)<\/a><\/p>\n<p><a href=\"https:\/\/www.nwm-tv.de\/news\/news-anzeigen\/?news_id=19221\" target=\"_blank\" rel=\"noopener\">LINK zum Bericht auf Nord-West-Media TV<\/a><\/p>\n<p>Bild mit freundlicher Genehmigung der IVZ.<\/p>\n","protected":false},"excerpt":{"rendered":"<p>Einsatzbericht: Der Dienstbetrieb und der L\u00f6schzug Stadtmitte 1 wurden zu einem Verkehrsunfall mit einer eingeklemmten Person alarmiert.<\/p>\n","protected":false},"author":2,"featured_media":32151,"comment_status":"open","ping_status":"open","sticky":false,"template":"","format":"standard","meta":{"footnotes":""},"categories":[10,5],"tags":[489,491,73,74],"class_list":["post-32144","post","type-post","status-publish","format-standard","has-post-thumbnail","hentry","category-alle-beitraege","category-einsaetze","tag-dienstbetrieb-2023","tag-stadtmitte-1-2023","tag-th","tag-vu"],"_links":{"self":[{"href":"https:\/\/www.feuerwehr-ibbenbueren.de\/index.php?rest_route=\/wp\/v2\/posts\/32144","targetHints":{"allow":["GET"]}}],"collection":[{"href":"https:\/\/www.feuerwehr-ibbenbueren.de\/index.php?rest_route=\/wp\/v2\/posts"}],"about":[{"href":"https:\/\/www.feuerwehr-ibbenbueren.de\/index.php?rest_route=\/wp\/v2\/types\/post"}],"author":[{"embeddable":true,"href":"https:\/\/www.feuerwehr-ibbenbueren.de\/index.php?rest_route=\/wp\/v2\/users\/2"}],"replies":[{"embeddable":true,"href":"https:\/\/www.feuerwehr-ibbenbueren.de\/index.php?rest_route=%2Fwp%2Fv2%2Fcomments&post=32144"}],"version-history":[{"count":5,"href":"https:\/\/www.feuerwehr-ibbenbueren.de\/index.php?rest_route=\/wp\/v2\/posts\/32144\/revisions"}],"predecessor-version":[{"id":32152,"href":"https:\/\/www.feuerwehr-ibbenbueren.de\/index.php?rest_route=\/wp\/v2\/posts\/32144\/revisions\/32152"}],"wp:featuredmedia":[{"embeddable":true,"href":"https:\/\/www.feuerwehr-ibbenbueren.de\/index.php?rest_route=\/wp\/v2\/media\/32151"}],"wp:attachment":[{"href":"https:\/\/www.feuerwehr-ibbenbueren.de\/index.php?rest_route=%2Fwp%2Fv2%2Fmedia&parent=32144"}],"wp:term":[{"taxonomy":"category","embeddable":true,"href":"https:\/\/www.feuerwehr-ibbenbueren.de\/index.php?rest_route=%2Fwp%2Fv2%2Fcategories&post=32144"},{"taxonomy":"post_tag","embeddable":true,"href":"https:\/\/www.feuerwehr-ibbenbueren.de\/index.php?rest_route=%2Fwp%2Fv2%2Ftags&post=32144"}],"curies":[{"name":"wp","href":"https:\/\/api.w.org\/{rel}","templated":true}]}}