{"id":33118,"date":"2023-12-21T14:47:35","date_gmt":"2023-12-21T13:47:35","guid":{"rendered":"https:\/\/www.feuerwehr-ibbenbueren.de\/?p=33118"},"modified":"2023-12-28T08:11:53","modified_gmt":"2023-12-28T07:11:53","slug":"betriebsstoffe-aufnehmen-2-2-2-2-4-2-2-2-2-2-2-4-2-2-5-2-2-4-3-2-2-2-2-2-2-2-2-2-3-copy-2-copy-3-copy-3-copy-2-copy-2-copy-3-copy-copy-copy-copy-2-copy-copy-copy-copy-3-copy-copy-copy-2-copy-2-copy-8","status":"publish","type":"post","link":"https:\/\/www.feuerwehr-ibbenbueren.de\/?p=33118","title":{"rendered":"Baum auf Stra\u00dfe Kleekamp"},"content":{"rendered":"<p><strong>Einsatzbericht: <\/strong>Am Donnerstag wurden der Dienstbetrieb und der L\u00f6schzug Laggenbeck mit dem Stichwort &#8222;Baum auf Stra\u00dfe&#8220; zum Kleekamp alarmiert. <!--more--><\/p>\n<p>Zwei B\u00e4ume waren umgest\u00fcrzt und lagen auf der Stra\u00dfe. Beide B\u00e4ume wurden mittels Kettens\u00e4ge zerteilt und von der Stra\u00dfe ger\u00e4umt.<\/p>\n\n\t\t<div id='gallery-1' class='gallery galleryid-33118 gallery-columns-4 gallery-size-thumbnail gallery1'><script type=\"text\/javascript\">\r\n\/\/ <![CDATA[\r\n\tjQuery(document).ready(function () {\r\n\t\tjQuery(\".gallery1 a\").attr(\"rel\",\"gallery1\");\t\r\n\t\tjQuery('a[rel=\"gallery1\"]').colorbox({maxWidth:\"95%\", maxHeight:\"95%\",title: function(){ return jQuery(this).children().attr(\"alt\"); }, });\r\n\t});\r\n\/\/ ]]>\r\n<\/script>\n<dl class=\"gallery-item\">\n<dt class=\"gallery-icon\">\r\n<a href=\"https:\/\/www.feuerwehr-ibbenbueren.de\/wp-content\/uploads\/2023\/12\/LA_BST_20231221_03-scaled-e1703173040499.jpeg\" title=\"\" rel=\"gallery1\"><img loading=\"lazy\" decoding=\"async\" src=\"https:\/\/www.feuerwehr-ibbenbueren.de\/wp-content\/uploads\/2023\/12\/LA_BST_20231221_03-150x150.jpeg\" width=\"150\" height=\"150\" alt=\"\" \/><\/a>\r\n<\/dt><\/dl><dl class=\"gallery-item\">\n<dt class=\"gallery-icon\">\r\n<a href=\"https:\/\/www.feuerwehr-ibbenbueren.de\/wp-content\/uploads\/2023\/12\/LA_BST_20231221_02-scaled-e1703173059666.jpeg\" title=\"\" rel=\"gallery1\"><img loading=\"lazy\" decoding=\"async\" src=\"https:\/\/www.feuerwehr-ibbenbueren.de\/wp-content\/uploads\/2023\/12\/LA_BST_20231221_02-150x150.jpeg\" width=\"150\" height=\"150\" alt=\"\" \/><\/a>\r\n<\/dt><\/dl><dl class=\"gallery-item\">\n<dt class=\"gallery-icon\">\r\n<a href=\"https:\/\/www.feuerwehr-ibbenbueren.de\/wp-content\/uploads\/2023\/12\/LA_BST_20231221_01-scaled-e1703173077103.jpeg\" title=\"\" rel=\"gallery1\"><img loading=\"lazy\" decoding=\"async\" src=\"https:\/\/www.feuerwehr-ibbenbueren.de\/wp-content\/uploads\/2023\/12\/LA_BST_20231221_01-150x150.jpeg\" width=\"150\" height=\"150\" alt=\"\" \/><\/a>\r\n<\/dt><\/dl>\r\n\t\t\t<br style='clear: both' \/>\r\n\t\t<\/div>\n\n","protected":false},"excerpt":{"rendered":"<p>Einsatzbericht: Am Donnerstag wurden der Dienstbetrieb und der L\u00f6schzug Laggenbeck mit dem Stichwort &#8222;Baum auf Stra\u00dfe&#8220; zum Kleekamp alarmiert.<\/p>\n","protected":false},"author":11,"featured_media":33121,"comment_status":"open","ping_status":"open","sticky":false,"template":"","format":"standard","meta":{"footnotes":""},"categories":[10,5],"tags":[112,65,489,85,492,73],"class_list":["post-33118","post","type-post","status-publish","format-standard","has-post-thumbnail","hentry","category-alle-beitraege","category-einsaetze","tag-baum","tag-dienstbetrieb","tag-dienstbetrieb-2023","tag-laggenbeck","tag-laggenbeck-2023","tag-th"],"_links":{"self":[{"href":"https:\/\/www.feuerwehr-ibbenbueren.de\/index.php?rest_route=\/wp\/v2\/posts\/33118","targetHints":{"allow":["GET"]}}],"collection":[{"href":"https:\/\/www.feuerwehr-ibbenbueren.de\/index.php?rest_route=\/wp\/v2\/posts"}],"about":[{"href":"https:\/\/www.feuerwehr-ibbenbueren.de\/index.php?rest_route=\/wp\/v2\/types\/post"}],"author":[{"embeddable":true,"href":"https:\/\/www.feuerwehr-ibbenbueren.de\/index.php?rest_route=\/wp\/v2\/users\/11"}],"replies":[{"embeddable":true,"href":"https:\/\/www.feuerwehr-ibbenbueren.de\/index.php?rest_route=%2Fwp%2Fv2%2Fcomments&post=33118"}],"version-history":[{"count":2,"href":"https:\/\/www.feuerwehr-ibbenbueren.de\/index.php?rest_route=\/wp\/v2\/posts\/33118\/revisions"}],"predecessor-version":[{"id":33234,"href":"https:\/\/www.feuerwehr-ibbenbueren.de\/index.php?rest_route=\/wp\/v2\/posts\/33118\/revisions\/33234"}],"wp:featuredmedia":[{"embeddable":true,"href":"https:\/\/www.feuerwehr-ibbenbueren.de\/index.php?rest_route=\/wp\/v2\/media\/33121"}],"wp:attachment":[{"href":"https:\/\/www.feuerwehr-ibbenbueren.de\/index.php?rest_route=%2Fwp%2Fv2%2Fmedia&parent=33118"}],"wp:term":[{"taxonomy":"category","embeddable":true,"href":"https:\/\/www.feuerwehr-ibbenbueren.de\/index.php?rest_route=%2Fwp%2Fv2%2Fcategories&post=33118"},{"taxonomy":"post_tag","embeddable":true,"href":"https:\/\/www.feuerwehr-ibbenbueren.de\/index.php?rest_route=%2Fwp%2Fv2%2Ftags&post=33118"}],"curies":[{"name":"wp","href":"https:\/\/api.w.org\/{rel}","templated":true}]}}