{"id":33730,"date":"2024-01-22T22:57:38","date_gmt":"2024-01-22T21:57:38","guid":{"rendered":"https:\/\/www.feuerwehr-ibbenbueren.de\/?p=33730"},"modified":"2024-01-24T12:30:28","modified_gmt":"2024-01-24T11:30:28","slug":"betriebsstoffe-aufnehmen-2-2-2-2-4-2-2-2-2-2-2-4-2-2-5-2-2-4-3-2-2-2-2-2-2-2-2-2-3-copy-2-copy-3-copy-3-copy-2-copy-copy-2-copy-2-copy-3-copy-2-copy-2-copy-copy-3-copy-copy-copy-copy-copy-copy-cop-123","status":"publish","type":"post","link":"https:\/\/www.feuerwehr-ibbenbueren.de\/?p=33730","title":{"rendered":"Brand klein"},"content":{"rendered":"<p><strong>Einsatzbericht: <\/strong>Der Dienstbetrieb wurde mit dem Stichwort &#8222;Brand klein&#8220; zum Weinberg gerufen. <!--more--><\/p>\n<p>Es hatte ein Weihnachtsbaum in einer Wohnung gebrannt. Diesen hatte ein Bewohner ins Freie verbracht.<\/p>\n<p>Kontrolle der Wohnung durch die Einsatzkr\u00e4fte. Kein Feuer. Bel\u00fcftungsma\u00dfnahmen durchgef\u00fchrt.<\/p>\n<p>Eine Person dem Rettungsdienst \u00fcbergeben.<\/p>\n<p>Keine weiteren Ma\u00dfnahmen.<\/p>\n","protected":false},"excerpt":{"rendered":"<p>Einsatzbericht: Der Dienstbetrieb wurde mit dem Stichwort &#8222;Brand klein&#8220; zum Weinberg gerufen.<\/p>\n","protected":false},"author":8,"featured_media":3023,"comment_status":"open","ping_status":"open","sticky":false,"template":"","format":"standard","meta":{"footnotes":""},"categories":[10,5],"tags":[313,546],"class_list":["post-33730","post","type-post","status-publish","format-standard","has-post-thumbnail","hentry","category-alle-beitraege","category-einsaetze","tag-brand-klein","tag-nur-dienstbetrieb-2024"],"_links":{"self":[{"href":"https:\/\/www.feuerwehr-ibbenbueren.de\/index.php?rest_route=\/wp\/v2\/posts\/33730","targetHints":{"allow":["GET"]}}],"collection":[{"href":"https:\/\/www.feuerwehr-ibbenbueren.de\/index.php?rest_route=\/wp\/v2\/posts"}],"about":[{"href":"https:\/\/www.feuerwehr-ibbenbueren.de\/index.php?rest_route=\/wp\/v2\/types\/post"}],"author":[{"embeddable":true,"href":"https:\/\/www.feuerwehr-ibbenbueren.de\/index.php?rest_route=\/wp\/v2\/users\/8"}],"replies":[{"embeddable":true,"href":"https:\/\/www.feuerwehr-ibbenbueren.de\/index.php?rest_route=%2Fwp%2Fv2%2Fcomments&post=33730"}],"version-history":[{"count":4,"href":"https:\/\/www.feuerwehr-ibbenbueren.de\/index.php?rest_route=\/wp\/v2\/posts\/33730\/revisions"}],"predecessor-version":[{"id":33745,"href":"https:\/\/www.feuerwehr-ibbenbueren.de\/index.php?rest_route=\/wp\/v2\/posts\/33730\/revisions\/33745"}],"wp:featuredmedia":[{"embeddable":true,"href":"https:\/\/www.feuerwehr-ibbenbueren.de\/index.php?rest_route=\/wp\/v2\/media\/3023"}],"wp:attachment":[{"href":"https:\/\/www.feuerwehr-ibbenbueren.de\/index.php?rest_route=%2Fwp%2Fv2%2Fmedia&parent=33730"}],"wp:term":[{"taxonomy":"category","embeddable":true,"href":"https:\/\/www.feuerwehr-ibbenbueren.de\/index.php?rest_route=%2Fwp%2Fv2%2Fcategories&post=33730"},{"taxonomy":"post_tag","embeddable":true,"href":"https:\/\/www.feuerwehr-ibbenbueren.de\/index.php?rest_route=%2Fwp%2Fv2%2Ftags&post=33730"}],"curies":[{"name":"wp","href":"https:\/\/api.w.org\/{rel}","templated":true}]}}