{"id":33925,"date":"2025-02-02T09:53:43","date_gmt":"2025-02-02T08:53:43","guid":{"rendered":"https:\/\/www.feuerwehr-ibbenbueren.de\/?p=33925"},"modified":"2025-02-02T17:45:18","modified_gmt":"2025-02-02T16:45:18","slug":"th-klein-2-copy-copy-copy-copy-copy-copy-copy-copy-2-copy-4-copy-copy-copy-copy-2-copy-copy-copy-copy-copy-copy-copy-copy-2-copy-2-copy-2-copy-copy-3-copy","status":"publish","type":"post","link":"https:\/\/www.feuerwehr-ibbenbueren.de\/?p=33925","title":{"rendered":"Pkw-Brand"},"content":{"rendered":"<p><strong>Einsatzbericht:<\/strong> Der L\u00f6schzug D\u00f6renthe und der Dienstbetrieb wurden mit dem Stichwort Pkw-Brand in die Stra\u00dfe Im Venn in D\u00f6renthe gerufen. <!--more--><\/p>\n<p>Ein verunfallter Pkw wurde mittels W\u00e4rmebildkamera kontrolliert: kein Feuer. Die Fahrzeugbatterie wurde abgeklemmt und auslaufende Betriebsstoffe wurden aufgenommen. Der Fahrzeugf\u00fchrer wurde dem Rettungsdienst \u00fcbergeben.<\/p>\n<p>\u00dcbergabe der Einsatzstelle an die Polizei.<\/p>\n","protected":false},"excerpt":{"rendered":"<p>Einsatzbericht: Der L\u00f6schzug D\u00f6renthe und der Dienstbetrieb wurden mit dem Stichwort Pkw-Brand in die Stra\u00dfe Im Venn in D\u00f6renthe gerufen.<\/p>\n","protected":false},"author":16,"featured_media":3023,"comment_status":"open","ping_status":"open","sticky":false,"template":"","format":"standard","meta":{"footnotes":""},"categories":[10,5],"tags":[601,605,71,139],"class_list":["post-33925","post","type-post","status-publish","format-standard","has-post-thumbnail","hentry","category-alle-beitraege","category-einsaetze","tag-dienstbetrieb-2025","tag-doerenthe-2025","tag-feuer","tag-pkw-brand"],"_links":{"self":[{"href":"https:\/\/www.feuerwehr-ibbenbueren.de\/index.php?rest_route=\/wp\/v2\/posts\/33925","targetHints":{"allow":["GET"]}}],"collection":[{"href":"https:\/\/www.feuerwehr-ibbenbueren.de\/index.php?rest_route=\/wp\/v2\/posts"}],"about":[{"href":"https:\/\/www.feuerwehr-ibbenbueren.de\/index.php?rest_route=\/wp\/v2\/types\/post"}],"author":[{"embeddable":true,"href":"https:\/\/www.feuerwehr-ibbenbueren.de\/index.php?rest_route=\/wp\/v2\/users\/16"}],"replies":[{"embeddable":true,"href":"https:\/\/www.feuerwehr-ibbenbueren.de\/index.php?rest_route=%2Fwp%2Fv2%2Fcomments&post=33925"}],"version-history":[{"count":3,"href":"https:\/\/www.feuerwehr-ibbenbueren.de\/index.php?rest_route=\/wp\/v2\/posts\/33925\/revisions"}],"predecessor-version":[{"id":38102,"href":"https:\/\/www.feuerwehr-ibbenbueren.de\/index.php?rest_route=\/wp\/v2\/posts\/33925\/revisions\/38102"}],"wp:featuredmedia":[{"embeddable":true,"href":"https:\/\/www.feuerwehr-ibbenbueren.de\/index.php?rest_route=\/wp\/v2\/media\/3023"}],"wp:attachment":[{"href":"https:\/\/www.feuerwehr-ibbenbueren.de\/index.php?rest_route=%2Fwp%2Fv2%2Fmedia&parent=33925"}],"wp:term":[{"taxonomy":"category","embeddable":true,"href":"https:\/\/www.feuerwehr-ibbenbueren.de\/index.php?rest_route=%2Fwp%2Fv2%2Fcategories&post=33925"},{"taxonomy":"post_tag","embeddable":true,"href":"https:\/\/www.feuerwehr-ibbenbueren.de\/index.php?rest_route=%2Fwp%2Fv2%2Ftags&post=33925"}],"curies":[{"name":"wp","href":"https:\/\/api.w.org\/{rel}","templated":true}]}}