{"id":34938,"date":"2024-05-31T13:32:47","date_gmt":"2024-05-31T11:32:47","guid":{"rendered":"https:\/\/www.feuerwehr-ibbenbueren.de\/?p=34938"},"modified":"2024-05-31T17:03:39","modified_gmt":"2024-05-31T15:03:39","slug":"th-klein-2-copy-copy-copy-copy-copy-copy-copy-copy-2-copy-4-copy-copy-copy-copy-copy-copy-2-copy-copy-copy-copy-2-copy-2-copy-2-copy-3-copy-2-copy-copy-copy-copy-copy-2-copy","status":"publish","type":"post","link":"https:\/\/www.feuerwehr-ibbenbueren.de\/?p=34938","title":{"rendered":"VU P klemmt Hellendoorner Stra\u00dfe"},"content":{"rendered":"<p><strong>Einsatzbericht:<\/strong> Der Dienstbetrieb und der L\u00f6schzug Stadtmitte 2 wurden zu einem Verkehrsunfall mit eingeschlossenen bzw. eingeklemmten Personen alarmiert.<!--more--><\/p>\n<p>An der Einsatzstelle ergab die Erkundung, dass bei zwei verunfallten Pkw niemand eingeklemmt war. Drei Personen wurden vom Rettungsdienst betreut.<\/p>\n<p>Die Feuerwehr f\u00fchrte Sicherungsma\u00dfnahmen durch und unterst\u00fctzte den Rettungsdienst.<\/p>\n<p>Abschlie\u00dfend \u00dcbergabe der Einsatzstelle an die Polizei.<\/p>\n","protected":false},"excerpt":{"rendered":"<p>Einsatzbericht: Der Dienstbetrieb und der L\u00f6schzug Stadtmitte 2 wurden zu einem Verkehrsunfall mit eingeschlossenen bzw. eingeklemmten Personen alarmiert.<\/p>\n","protected":false},"author":2,"featured_media":3024,"comment_status":"open","ping_status":"open","sticky":false,"template":"","format":"standard","meta":{"footnotes":""},"categories":[10,5],"tags":[547,549,73,74],"class_list":["post-34938","post","type-post","status-publish","format-standard","has-post-thumbnail","hentry","category-alle-beitraege","category-einsaetze","tag-dienstbetrieb-2024","tag-stadtmitte-2-2024","tag-th","tag-vu"],"_links":{"self":[{"href":"https:\/\/www.feuerwehr-ibbenbueren.de\/index.php?rest_route=\/wp\/v2\/posts\/34938","targetHints":{"allow":["GET"]}}],"collection":[{"href":"https:\/\/www.feuerwehr-ibbenbueren.de\/index.php?rest_route=\/wp\/v2\/posts"}],"about":[{"href":"https:\/\/www.feuerwehr-ibbenbueren.de\/index.php?rest_route=\/wp\/v2\/types\/post"}],"author":[{"embeddable":true,"href":"https:\/\/www.feuerwehr-ibbenbueren.de\/index.php?rest_route=\/wp\/v2\/users\/2"}],"replies":[{"embeddable":true,"href":"https:\/\/www.feuerwehr-ibbenbueren.de\/index.php?rest_route=%2Fwp%2Fv2%2Fcomments&post=34938"}],"version-history":[{"count":1,"href":"https:\/\/www.feuerwehr-ibbenbueren.de\/index.php?rest_route=\/wp\/v2\/posts\/34938\/revisions"}],"predecessor-version":[{"id":34939,"href":"https:\/\/www.feuerwehr-ibbenbueren.de\/index.php?rest_route=\/wp\/v2\/posts\/34938\/revisions\/34939"}],"wp:featuredmedia":[{"embeddable":true,"href":"https:\/\/www.feuerwehr-ibbenbueren.de\/index.php?rest_route=\/wp\/v2\/media\/3024"}],"wp:attachment":[{"href":"https:\/\/www.feuerwehr-ibbenbueren.de\/index.php?rest_route=%2Fwp%2Fv2%2Fmedia&parent=34938"}],"wp:term":[{"taxonomy":"category","embeddable":true,"href":"https:\/\/www.feuerwehr-ibbenbueren.de\/index.php?rest_route=%2Fwp%2Fv2%2Fcategories&post=34938"},{"taxonomy":"post_tag","embeddable":true,"href":"https:\/\/www.feuerwehr-ibbenbueren.de\/index.php?rest_route=%2Fwp%2Fv2%2Ftags&post=34938"}],"curies":[{"name":"wp","href":"https:\/\/api.w.org\/{rel}","templated":true}]}}