{"id":35396,"date":"2024-06-28T16:04:27","date_gmt":"2024-06-28T14:04:27","guid":{"rendered":"https:\/\/www.feuerwehr-ibbenbueren.de\/?p=35396"},"modified":"2024-08-04T09:12:35","modified_gmt":"2024-08-04T07:12:35","slug":"kleinbrand-2-2-4-3-3-2-2-2-copy-copy-2-copy-2-copy-2-copy-copy-copy-3-copy-copy-copy-copy-2-copy-2-copy-2-copy-2-copy-copy-2-copy-2-copy-2-copy-copy-copy-2-copy-copy-copy-copy-copy-copy-copy-copy-c-41","status":"publish","type":"post","link":"https:\/\/www.feuerwehr-ibbenbueren.de\/?p=35396","title":{"rendered":"BMA ZUE Schwarzer Weg"},"content":{"rendered":"<p><strong>Einsatzbericht: <\/strong>Der Dienstbetrieb und der L\u00f6schzug Stadtmitte 2 wurden zu einer ausgel\u00f6sten Brandmeldeanlage (BMA) zur Zentralen Unterbringungseinrichtung f\u00fcr Fl\u00fcchtlinge (ZUE) gerufen. <!--more--><\/p>\n<p>Erkundung des betroffenen Bereichs durch die Feuerwehr: Ausl\u00f6sung der BMA durch Zigarettenrauch, kein Feuer. Keine weiteren Ma\u00dfnahmen.<\/p>\n<p>\u00dcbergabe der Einsatzstelle an Objektverantwortliche.<\/p>\n","protected":false},"excerpt":{"rendered":"<p>Einsatzbericht: Der Dienstbetrieb und der L\u00f6schzug Stadtmitte 2 wurden zu einer ausgel\u00f6sten Brandmeldeanlage (BMA) zur Zentralen Unterbringungseinrichtung f\u00fcr Fl\u00fcchtlinge (ZUE) gerufen.<\/p>\n","protected":false},"author":2,"featured_media":3025,"comment_status":"open","ping_status":"open","sticky":false,"template":"","format":"standard","meta":{"footnotes":""},"categories":[10,5],"tags":[67,547,549],"class_list":["post-35396","post","type-post","status-publish","format-standard","has-post-thumbnail","hentry","category-alle-beitraege","category-einsaetze","tag-bma","tag-dienstbetrieb-2024","tag-stadtmitte-2-2024"],"_links":{"self":[{"href":"https:\/\/www.feuerwehr-ibbenbueren.de\/index.php?rest_route=\/wp\/v2\/posts\/35396","targetHints":{"allow":["GET"]}}],"collection":[{"href":"https:\/\/www.feuerwehr-ibbenbueren.de\/index.php?rest_route=\/wp\/v2\/posts"}],"about":[{"href":"https:\/\/www.feuerwehr-ibbenbueren.de\/index.php?rest_route=\/wp\/v2\/types\/post"}],"author":[{"embeddable":true,"href":"https:\/\/www.feuerwehr-ibbenbueren.de\/index.php?rest_route=\/wp\/v2\/users\/2"}],"replies":[{"embeddable":true,"href":"https:\/\/www.feuerwehr-ibbenbueren.de\/index.php?rest_route=%2Fwp%2Fv2%2Fcomments&post=35396"}],"version-history":[{"count":2,"href":"https:\/\/www.feuerwehr-ibbenbueren.de\/index.php?rest_route=\/wp\/v2\/posts\/35396\/revisions"}],"predecessor-version":[{"id":35398,"href":"https:\/\/www.feuerwehr-ibbenbueren.de\/index.php?rest_route=\/wp\/v2\/posts\/35396\/revisions\/35398"}],"wp:featuredmedia":[{"embeddable":true,"href":"https:\/\/www.feuerwehr-ibbenbueren.de\/index.php?rest_route=\/wp\/v2\/media\/3025"}],"wp:attachment":[{"href":"https:\/\/www.feuerwehr-ibbenbueren.de\/index.php?rest_route=%2Fwp%2Fv2%2Fmedia&parent=35396"}],"wp:term":[{"taxonomy":"category","embeddable":true,"href":"https:\/\/www.feuerwehr-ibbenbueren.de\/index.php?rest_route=%2Fwp%2Fv2%2Fcategories&post=35396"},{"taxonomy":"post_tag","embeddable":true,"href":"https:\/\/www.feuerwehr-ibbenbueren.de\/index.php?rest_route=%2Fwp%2Fv2%2Ftags&post=35396"}],"curies":[{"name":"wp","href":"https:\/\/api.w.org\/{rel}","templated":true}]}}