{"id":36882,"date":"2024-11-02T17:10:30","date_gmt":"2024-11-02T16:10:30","guid":{"rendered":"https:\/\/www.feuerwehr-ibbenbueren.de\/?p=36882"},"modified":"2024-11-03T21:38:22","modified_gmt":"2024-11-03T20:38:22","slug":"betriebsstoffe-aufnehmen-2-2-2-2-4-2-2-2-2-2-2-4-2-2-5-2-2-4-3-2-2-2-2-2-2-2-2-2-3-copy-2-copy-3-copy-3-copy-2-copy-copy-2-copy-2-copy-3-copy-2-copy-2-copy-copy-3-copy-copy-copy-copy-copy-copy-cop-265","status":"publish","type":"post","link":"https:\/\/www.feuerwehr-ibbenbueren.de\/?p=36882","title":{"rendered":"TH klein"},"content":{"rendered":"<p><strong>Einsatzbericht: <\/strong>Der Dienstbetrieb und der L\u00f6schzug D\u00f6renthe wurden mit dem Stichwort &#8222;TH klein&#8220; alarmiert.<!--more--><\/p>\n<p>Ein PKW ist von der Stra\u00dfe abgekommen und im Graben zum stehen gekommen. Die Insassen konnten das Auto selbstst\u00e4ndig verlassen. Kein Einsatz f\u00fcr die Feuerwehr.<\/p>\n","protected":false},"excerpt":{"rendered":"<p>Einsatzbericht: Der Dienstbetrieb und der L\u00f6schzug D\u00f6renthe wurden mit dem Stichwort &#8222;TH klein&#8220; alarmiert.<\/p>\n","protected":false},"author":15,"featured_media":3026,"comment_status":"open","ping_status":"open","sticky":false,"template":"","format":"standard","meta":{"footnotes":""},"categories":[10,5],"tags":[547,33,554],"class_list":["post-36882","post","type-post","status-publish","format-standard","has-post-thumbnail","hentry","category-alle-beitraege","category-einsaetze","tag-dienstbetrieb-2024","tag-doerenthe","tag-doerenthe-2024"],"_links":{"self":[{"href":"https:\/\/www.feuerwehr-ibbenbueren.de\/index.php?rest_route=\/wp\/v2\/posts\/36882","targetHints":{"allow":["GET"]}}],"collection":[{"href":"https:\/\/www.feuerwehr-ibbenbueren.de\/index.php?rest_route=\/wp\/v2\/posts"}],"about":[{"href":"https:\/\/www.feuerwehr-ibbenbueren.de\/index.php?rest_route=\/wp\/v2\/types\/post"}],"author":[{"embeddable":true,"href":"https:\/\/www.feuerwehr-ibbenbueren.de\/index.php?rest_route=\/wp\/v2\/users\/15"}],"replies":[{"embeddable":true,"href":"https:\/\/www.feuerwehr-ibbenbueren.de\/index.php?rest_route=%2Fwp%2Fv2%2Fcomments&post=36882"}],"version-history":[{"count":1,"href":"https:\/\/www.feuerwehr-ibbenbueren.de\/index.php?rest_route=\/wp\/v2\/posts\/36882\/revisions"}],"predecessor-version":[{"id":36883,"href":"https:\/\/www.feuerwehr-ibbenbueren.de\/index.php?rest_route=\/wp\/v2\/posts\/36882\/revisions\/36883"}],"wp:featuredmedia":[{"embeddable":true,"href":"https:\/\/www.feuerwehr-ibbenbueren.de\/index.php?rest_route=\/wp\/v2\/media\/3026"}],"wp:attachment":[{"href":"https:\/\/www.feuerwehr-ibbenbueren.de\/index.php?rest_route=%2Fwp%2Fv2%2Fmedia&parent=36882"}],"wp:term":[{"taxonomy":"category","embeddable":true,"href":"https:\/\/www.feuerwehr-ibbenbueren.de\/index.php?rest_route=%2Fwp%2Fv2%2Fcategories&post=36882"},{"taxonomy":"post_tag","embeddable":true,"href":"https:\/\/www.feuerwehr-ibbenbueren.de\/index.php?rest_route=%2Fwp%2Fv2%2Ftags&post=36882"}],"curies":[{"name":"wp","href":"https:\/\/api.w.org\/{rel}","templated":true}]}}