{"id":37277,"date":"2024-12-08T15:00:40","date_gmt":"2024-12-08T14:00:40","guid":{"rendered":"https:\/\/www.feuerwehr-ibbenbueren.de\/?p=37277"},"modified":"2024-12-09T16:01:28","modified_gmt":"2024-12-09T15:01:28","slug":"ferienfreizeit-doerenthe2015-2-2-2-2-2-3-2-3-copy-copy-copy-2-copy","status":"publish","type":"post","link":"https:\/\/www.feuerwehr-ibbenbueren.de\/?p=37277","title":{"rendered":"Nikolausfeier der L\u00f6schz\u00fcge Stadtmitte 2024"},"content":{"rendered":"<p>Am Sonntag, dem 8. Dezember 2024, fand die gemeinsame Nikolausfeier der L\u00f6schz\u00fcge Stadtmitte 1 und 2 statt.<!--more--><\/p>\n<p>Beginn war um 15 Uhr in der Florianstube der Feuer- und Rettungswache, am Niedersachsenring. Zum gemeinsamen Kaffee und Kuchen trafen sich in diesem Jahr wieder \u00fcber 20 Kinder und die zugeh\u00f6rigen Erziehungsberechtigten.<\/p>\n<p>F\u00fcr die Kleinen war dieses Jahr wieder bestens gesorgt. Es gab einen Kickertisch, die M\u00f6glichkeit zu Malen, eine Button-Maschine und die H\u00fcpfburg der Kreissparkasse Steinfurt war ebenfalls in der Fahrzeughalle aufgebaut worden. Nat\u00fcrlich sind gerade auch die Feuerwehrfahrzeuge in der Fahrzeughalle beim Nachwuchs hoch im Kurs und wollen voll umf\u00e4nglich entdeckt werden.<\/p>\n<p>Der angebotene Kuchen wurde von den Partnern der Feuerwehrkameraden, oder von Ihnen selber gebacken und zur Verf\u00fcgung gestellt.<\/p>\n<p>Der Besuch des Nikolauses durfte f\u00fcr die Kinder am sp\u00e4ten Nachmittag nat\u00fcrlich nicht fehlen und der weitgereiste Nikolaus, der mit seinem Helfer Knecht Ruprecht erschienen war, konnte zu jedem Kind auch etwas erz\u00e4hlen. Nachdem in gro\u00dfer Runde einige weihnachtliche Lieder angestimmt wurden, hatte der Nikolaus auch f\u00fcr jedes Kind eine T\u00fcte mit S\u00fc\u00dfigkeiten dabei.<\/p>\n<p>Gegen Abend gab es noch leckere Bratw\u00fcrstchen vom Grill und der Abend klang in gem\u00fctlicher Runde, bei vielen interessanten Gespr\u00e4chen aus.<\/p>\n<p>Die Vorbereitungen und die sch\u00f6ne weihnachtliche Dekoration verdankte man der umfassenden Vorbereitung durch einige Eltern von den teilnehmenden Kindern, die sich freiwillig bei den Arbeiten eingebracht hatten. An dieser Stelle herzlichen Dank f\u00fcr diese sehr sch\u00f6ne und gelungene Veranstaltung.<\/p>\n\n\t\t<div id='gallery-1' class='gallery galleryid-37277 gallery-columns-4 gallery-size-thumbnail gallery1'><script type=\"text\/javascript\">\r\n\/\/ <![CDATA[\r\n\tjQuery(document).ready(function () {\r\n\t\tjQuery(\".gallery1 a\").attr(\"rel\",\"gallery1\");\t\r\n\t\tjQuery('a[rel=\"gallery1\"]').colorbox({maxWidth:\"95%\", maxHeight:\"95%\",title: function(){ return jQuery(this).children().attr(\"alt\"); }, });\r\n\t});\r\n\/\/ ]]>\r\n<\/script>\n<dl class=\"gallery-item\">\n<dt class=\"gallery-icon\">\r\n<a href=\"https:\/\/www.feuerwehr-ibbenbueren.de\/wp-content\/uploads\/2024\/12\/Nikolausfeier_08122024_001-1-scaled.jpg\" title=\"\" rel=\"gallery1\"><img loading=\"lazy\" decoding=\"async\" src=\"https:\/\/www.feuerwehr-ibbenbueren.de\/wp-content\/uploads\/2024\/12\/Nikolausfeier_08122024_001-1-150x150.jpg\" width=\"150\" height=\"150\" alt=\"\" \/><\/a>\r\n<\/dt><\/dl><dl class=\"gallery-item\">\n<dt class=\"gallery-icon\">\r\n<a href=\"https:\/\/www.feuerwehr-ibbenbueren.de\/wp-content\/uploads\/2024\/12\/Nikolausfeier_08122024_002-1-scaled.jpg\" title=\"\" rel=\"gallery1\"><img loading=\"lazy\" decoding=\"async\" src=\"https:\/\/www.feuerwehr-ibbenbueren.de\/wp-content\/uploads\/2024\/12\/Nikolausfeier_08122024_002-1-150x150.jpg\" width=\"150\" height=\"150\" alt=\"\" \/><\/a>\r\n<\/dt><\/dl><dl class=\"gallery-item\">\n<dt class=\"gallery-icon\">\r\n<a href=\"https:\/\/www.feuerwehr-ibbenbueren.de\/wp-content\/uploads\/2024\/12\/Nikolausfeier_08122024_003-1-scaled.jpg\" title=\"\" rel=\"gallery1\"><img loading=\"lazy\" decoding=\"async\" src=\"https:\/\/www.feuerwehr-ibbenbueren.de\/wp-content\/uploads\/2024\/12\/Nikolausfeier_08122024_003-1-150x150.jpg\" width=\"150\" height=\"150\" alt=\"\" \/><\/a>\r\n<\/dt><\/dl><dl class=\"gallery-item\">\n<dt class=\"gallery-icon\">\r\n<a href=\"https:\/\/www.feuerwehr-ibbenbueren.de\/wp-content\/uploads\/2024\/12\/Nikolausfeier_08122024_004-1-scaled.jpg\" title=\"\" rel=\"gallery1\"><img loading=\"lazy\" decoding=\"async\" src=\"https:\/\/www.feuerwehr-ibbenbueren.de\/wp-content\/uploads\/2024\/12\/Nikolausfeier_08122024_004-1-150x150.jpg\" width=\"150\" height=\"150\" alt=\"\" \/><\/a>\r\n<\/dt><\/dl><br style=\"clear: both\" \/><dl class=\"gallery-item\">\n<dt class=\"gallery-icon\">\r\n<a href=\"https:\/\/www.feuerwehr-ibbenbueren.de\/wp-content\/uploads\/2024\/12\/Nikolausfeier_08122024_005-1-scaled.jpg\" title=\"\" rel=\"gallery1\"><img loading=\"lazy\" decoding=\"async\" src=\"https:\/\/www.feuerwehr-ibbenbueren.de\/wp-content\/uploads\/2024\/12\/Nikolausfeier_08122024_005-1-150x150.jpg\" width=\"150\" height=\"150\" alt=\"\" \/><\/a>\r\n<\/dt><\/dl><dl class=\"gallery-item\">\n<dt class=\"gallery-icon\">\r\n<a href=\"https:\/\/www.feuerwehr-ibbenbueren.de\/wp-content\/uploads\/2024\/12\/Nikolausfeier_08122024_006-1-scaled.jpg\" title=\"\" rel=\"gallery1\"><img loading=\"lazy\" decoding=\"async\" src=\"https:\/\/www.feuerwehr-ibbenbueren.de\/wp-content\/uploads\/2024\/12\/Nikolausfeier_08122024_006-1-150x150.jpg\" width=\"150\" height=\"150\" alt=\"\" \/><\/a>\r\n<\/dt><\/dl><dl class=\"gallery-item\">\n<dt class=\"gallery-icon\">\r\n<a href=\"https:\/\/www.feuerwehr-ibbenbueren.de\/wp-content\/uploads\/2024\/12\/Nikolausfeier_08122024_007-1-scaled.jpg\" title=\"\" rel=\"gallery1\"><img loading=\"lazy\" decoding=\"async\" src=\"https:\/\/www.feuerwehr-ibbenbueren.de\/wp-content\/uploads\/2024\/12\/Nikolausfeier_08122024_007-1-150x150.jpg\" width=\"150\" height=\"150\" alt=\"\" \/><\/a>\r\n<\/dt><\/dl><dl class=\"gallery-item\">\n<dt class=\"gallery-icon\">\r\n<a href=\"https:\/\/www.feuerwehr-ibbenbueren.de\/wp-content\/uploads\/2024\/12\/Nikolausfeier_08122024_008-1-scaled.jpg\" title=\"\" rel=\"gallery1\"><img loading=\"lazy\" decoding=\"async\" src=\"https:\/\/www.feuerwehr-ibbenbueren.de\/wp-content\/uploads\/2024\/12\/Nikolausfeier_08122024_008-1-150x150.jpg\" width=\"150\" height=\"150\" alt=\"\" \/><\/a>\r\n<\/dt><\/dl><br style=\"clear: both\" \/><dl class=\"gallery-item\">\n<dt class=\"gallery-icon\">\r\n<a href=\"https:\/\/www.feuerwehr-ibbenbueren.de\/wp-content\/uploads\/2024\/12\/Nikolausfeier_08122024_009-1-scaled.jpg\" title=\"\" rel=\"gallery1\"><img loading=\"lazy\" decoding=\"async\" src=\"https:\/\/www.feuerwehr-ibbenbueren.de\/wp-content\/uploads\/2024\/12\/Nikolausfeier_08122024_009-1-150x150.jpg\" width=\"150\" height=\"150\" alt=\"\" \/><\/a>\r\n<\/dt><\/dl><dl class=\"gallery-item\">\n<dt class=\"gallery-icon\">\r\n<a href=\"https:\/\/www.feuerwehr-ibbenbueren.de\/wp-content\/uploads\/2024\/12\/Nikolausfeier_08122024_010-1-scaled.jpg\" title=\"\" rel=\"gallery1\"><img loading=\"lazy\" decoding=\"async\" src=\"https:\/\/www.feuerwehr-ibbenbueren.de\/wp-content\/uploads\/2024\/12\/Nikolausfeier_08122024_010-1-150x150.jpg\" width=\"150\" height=\"150\" alt=\"\" \/><\/a>\r\n<\/dt><\/dl><dl class=\"gallery-item\">\n<dt class=\"gallery-icon\">\r\n<a href=\"https:\/\/www.feuerwehr-ibbenbueren.de\/wp-content\/uploads\/2024\/12\/Nikolausfeier_08122024_011-1-scaled.jpg\" title=\"\" rel=\"gallery1\"><img loading=\"lazy\" decoding=\"async\" src=\"https:\/\/www.feuerwehr-ibbenbueren.de\/wp-content\/uploads\/2024\/12\/Nikolausfeier_08122024_011-1-150x150.jpg\" width=\"150\" height=\"150\" alt=\"\" \/><\/a>\r\n<\/dt><\/dl><dl class=\"gallery-item\">\n<dt class=\"gallery-icon\">\r\n<a href=\"https:\/\/www.feuerwehr-ibbenbueren.de\/wp-content\/uploads\/2024\/12\/Nikolausfeier_08122024_012-1-scaled.jpg\" title=\"\" rel=\"gallery1\"><img loading=\"lazy\" decoding=\"async\" src=\"https:\/\/www.feuerwehr-ibbenbueren.de\/wp-content\/uploads\/2024\/12\/Nikolausfeier_08122024_012-1-150x150.jpg\" width=\"150\" height=\"150\" alt=\"\" \/><\/a>\r\n<\/dt><\/dl><br style=\"clear: both\" \/><dl class=\"gallery-item\">\n<dt class=\"gallery-icon\">\r\n<a href=\"https:\/\/www.feuerwehr-ibbenbueren.de\/wp-content\/uploads\/2024\/12\/Nikolausfeier_08122024_013-1-scaled.jpg\" title=\"\" rel=\"gallery1\"><img loading=\"lazy\" decoding=\"async\" src=\"https:\/\/www.feuerwehr-ibbenbueren.de\/wp-content\/uploads\/2024\/12\/Nikolausfeier_08122024_013-1-150x150.jpg\" width=\"150\" height=\"150\" alt=\"\" \/><\/a>\r\n<\/dt><\/dl>\r\n\t\t\t<br style='clear: both' \/>\r\n\t\t<\/div>\n\n<p>&nbsp;<\/p>\n<p>&nbsp;<\/p>\n<p>&nbsp;<\/p>\n","protected":false},"excerpt":{"rendered":"<p>Am Sonntag, dem 8. Dezember 2024, fand die gemeinsame Nikolausfeier der L\u00f6schz\u00fcge Stadtmitte 1 und 2 statt.<\/p>\n","protected":false},"author":3,"featured_media":37289,"comment_status":"closed","ping_status":"closed","sticky":false,"template":"","format":"standard","meta":{"footnotes":""},"categories":[10,8,6],"tags":[517,189,599,60,66],"class_list":["post-37277","post","type-post","status-publish","format-standard","has-post-thumbnail","hentry","category-alle-beitraege","category-information","category-veranstaltungen","tag-517","tag-familie-feuerwehr","tag-nikolausfeier","tag-stadtmitte-1","tag-stadtmitte-2"],"_links":{"self":[{"href":"https:\/\/www.feuerwehr-ibbenbueren.de\/index.php?rest_route=\/wp\/v2\/posts\/37277","targetHints":{"allow":["GET"]}}],"collection":[{"href":"https:\/\/www.feuerwehr-ibbenbueren.de\/index.php?rest_route=\/wp\/v2\/posts"}],"about":[{"href":"https:\/\/www.feuerwehr-ibbenbueren.de\/index.php?rest_route=\/wp\/v2\/types\/post"}],"author":[{"embeddable":true,"href":"https:\/\/www.feuerwehr-ibbenbueren.de\/index.php?rest_route=\/wp\/v2\/users\/3"}],"replies":[{"embeddable":true,"href":"https:\/\/www.feuerwehr-ibbenbueren.de\/index.php?rest_route=%2Fwp%2Fv2%2Fcomments&post=37277"}],"version-history":[{"count":5,"href":"https:\/\/www.feuerwehr-ibbenbueren.de\/index.php?rest_route=\/wp\/v2\/posts\/37277\/revisions"}],"predecessor-version":[{"id":37308,"href":"https:\/\/www.feuerwehr-ibbenbueren.de\/index.php?rest_route=\/wp\/v2\/posts\/37277\/revisions\/37308"}],"wp:featuredmedia":[{"embeddable":true,"href":"https:\/\/www.feuerwehr-ibbenbueren.de\/index.php?rest_route=\/wp\/v2\/media\/37289"}],"wp:attachment":[{"href":"https:\/\/www.feuerwehr-ibbenbueren.de\/index.php?rest_route=%2Fwp%2Fv2%2Fmedia&parent=37277"}],"wp:term":[{"taxonomy":"category","embeddable":true,"href":"https:\/\/www.feuerwehr-ibbenbueren.de\/index.php?rest_route=%2Fwp%2Fv2%2Fcategories&post=37277"},{"taxonomy":"post_tag","embeddable":true,"href":"https:\/\/www.feuerwehr-ibbenbueren.de\/index.php?rest_route=%2Fwp%2Fv2%2Ftags&post=37277"}],"curies":[{"name":"wp","href":"https:\/\/api.w.org\/{rel}","templated":true}]}}