{"id":37502,"date":"2024-12-20T15:44:07","date_gmt":"2024-12-20T14:44:07","guid":{"rendered":"https:\/\/www.feuerwehr-ibbenbueren.de\/?p=37502"},"modified":"2024-12-20T17:57:25","modified_gmt":"2024-12-20T16:57:25","slug":"schornsteinbrand-copy-10-copy","status":"publish","type":"post","link":"https:\/\/www.feuerwehr-ibbenbueren.de\/?p=37502","title":{"rendered":"Schornsteinbrand Am Fl\u00fcddert"},"content":{"rendered":"<p><strong>Einsatzbericht: <\/strong>Der Dienstbetrieb und der L\u00f6schzug Stadtmitte 2 wurden mit dem Stichwort &#8222;Schornsteinbrand&#8220; alarmiert.<!--more--><\/p>\n<p>In einem Wohngeb\u00e4ude war es zu einer Rauchentwicklung gekommen.<\/p>\n<p>Bei Eintreffen hatten alle Bewohner das Geb\u00e4ude verlassen.<\/p>\n<p>Ein Trupp unter PA erkundete und konnte einen Schornsteinbrand best\u00e4tigen. Der Schornstein wurde bis zum Eintreffen des Bezirksschornsteinfegers kontrolliert.<\/p>\n<p>Die Einsatzstelle wurde dem Schornsteinfeger f\u00fcr weitere Ma\u00dfnahmen \u00fcbergeben.<\/p>\n","protected":false},"excerpt":{"rendered":"<p>Einsatzbericht: Der Dienstbetrieb und der L\u00f6schzug Stadtmitte 2 wurden mit dem Stichwort &#8222;Schornsteinbrand&#8220; alarmiert.<\/p>\n","protected":false},"author":7,"featured_media":3023,"comment_status":"open","ping_status":"open","sticky":false,"template":"","format":"standard","meta":{"footnotes":""},"categories":[10,5],"tags":[547,216,549],"class_list":["post-37502","post","type-post","status-publish","format-standard","has-post-thumbnail","hentry","category-alle-beitraege","category-einsaetze","tag-dienstbetrieb-2024","tag-schornsteinbrand","tag-stadtmitte-2-2024"],"_links":{"self":[{"href":"https:\/\/www.feuerwehr-ibbenbueren.de\/index.php?rest_route=\/wp\/v2\/posts\/37502","targetHints":{"allow":["GET"]}}],"collection":[{"href":"https:\/\/www.feuerwehr-ibbenbueren.de\/index.php?rest_route=\/wp\/v2\/posts"}],"about":[{"href":"https:\/\/www.feuerwehr-ibbenbueren.de\/index.php?rest_route=\/wp\/v2\/types\/post"}],"author":[{"embeddable":true,"href":"https:\/\/www.feuerwehr-ibbenbueren.de\/index.php?rest_route=\/wp\/v2\/users\/7"}],"replies":[{"embeddable":true,"href":"https:\/\/www.feuerwehr-ibbenbueren.de\/index.php?rest_route=%2Fwp%2Fv2%2Fcomments&post=37502"}],"version-history":[{"count":1,"href":"https:\/\/www.feuerwehr-ibbenbueren.de\/index.php?rest_route=\/wp\/v2\/posts\/37502\/revisions"}],"predecessor-version":[{"id":37503,"href":"https:\/\/www.feuerwehr-ibbenbueren.de\/index.php?rest_route=\/wp\/v2\/posts\/37502\/revisions\/37503"}],"wp:featuredmedia":[{"embeddable":true,"href":"https:\/\/www.feuerwehr-ibbenbueren.de\/index.php?rest_route=\/wp\/v2\/media\/3023"}],"wp:attachment":[{"href":"https:\/\/www.feuerwehr-ibbenbueren.de\/index.php?rest_route=%2Fwp%2Fv2%2Fmedia&parent=37502"}],"wp:term":[{"taxonomy":"category","embeddable":true,"href":"https:\/\/www.feuerwehr-ibbenbueren.de\/index.php?rest_route=%2Fwp%2Fv2%2Fcategories&post=37502"},{"taxonomy":"post_tag","embeddable":true,"href":"https:\/\/www.feuerwehr-ibbenbueren.de\/index.php?rest_route=%2Fwp%2Fv2%2Ftags&post=37502"}],"curies":[{"name":"wp","href":"https:\/\/api.w.org\/{rel}","templated":true}]}}