{"id":37800,"date":"2025-01-08T10:29:38","date_gmt":"2025-01-08T09:29:38","guid":{"rendered":"https:\/\/www.feuerwehr-ibbenbueren.de\/?p=37800"},"modified":"2025-01-18T19:28:21","modified_gmt":"2025-01-18T18:28:21","slug":"betriebsstoffe-aufnehmen-2-2-2-2-4-2-2-2-2-2-2-4-2-2-5-2-2-4-3-2-2-2-2-2-2-2-2-2-3-copy-2-copy-3-copy-3-copy-2-copy-2-copy-3-copy-copy-copy-copy-2-copy-copy-copy-copy-3-copy-copy-copy-2-copy-2-copy-91","status":"publish","type":"post","link":"https:\/\/www.feuerwehr-ibbenbueren.de\/?p=37800","title":{"rendered":"Brand mittel, Person in Gefahr &#8211; Brinkmannweg"},"content":{"rendered":"<p><strong>Einsatzbericht: <\/strong>Der Dienstbetrieb und der L\u00f6schzug Laggenbeck wurden am Mittwochmorgen mit dem Stichwort &#8222;Brand mittel Person in Gefahr&#8220; zu einem Kellerbrand am Brinkmannweg alarmiert. <!--more--><\/p>\n<p>An der Einsatzstelle war es im Keller eines Wohngeb\u00e4udes zu einem Brand gekommen. Im stark verrauchten Keller befand sich noch eine Person, die erste L\u00f6schversuche eingeleitet hatte.<\/p>\n<p>Durch die Feuerwehr wurde die Person aus dem Geb\u00e4ude gerettet und an den ebenfalls alarmierten Rettungsdienst \u00fcbergeben. Im Anschluss an die Menschenrettung ging ein Trupp unter schwerem Atemschutz zur Brandbek\u00e4mpfung vor und konnte den Entstehungsbrand schnell abl\u00f6schen.<\/p>\n<p>Im weiteren Verlauf wurden Nachl\u00f6scharbeiten durchgef\u00fchrt und das Geb\u00e4ude bel\u00fcftet.<\/p>\n<p>Nachdem Abschluss der Ma\u00dfnahmen wurde die Einsatzstelle an den Besitzer \u00fcbergeben.<\/p>\n<p><a href=\"https:\/\/www.ivz-aktuell.de\/articles\/388338\/ibbenbueren\/blaulicht-sicherheit\/kellerbrand-in-einem-reihenhaus-am-brinkmannweg?\" target=\"_blank\" rel=\"noopener\">Link zum Onlinebericht der IVZ\u00a0<\/a><\/p>\n<p><a href=\"https:\/\/www.nwm-tv.de\/news\/news-anzeigen\/?news_id=21343\" target=\"_blank\" rel=\"noopener\">Link zum Onlinebericht bei Nord West Media TV<\/a><\/p>\n\n\t\t<div id='gallery-1' class='gallery galleryid-37800 gallery-columns-4 gallery-size-thumbnail gallery1'><script type=\"text\/javascript\">\r\n\/\/ <![CDATA[\r\n\tjQuery(document).ready(function () {\r\n\t\tjQuery(\".gallery1 a\").attr(\"rel\",\"gallery1\");\t\r\n\t\tjQuery('a[rel=\"gallery1\"]').colorbox({maxWidth:\"95%\", maxHeight:\"95%\",title: function(){ return jQuery(this).children().attr(\"alt\"); }, });\r\n\t});\r\n\/\/ ]]>\r\n<\/script>\n<dl class=\"gallery-item\">\n<dt class=\"gallery-icon\">\r\n<a href=\"https:\/\/www.feuerwehr-ibbenbueren.de\/wp-content\/uploads\/2025\/01\/ivz_2025-01-08_01.jpg\" title=\"\" rel=\"gallery1\"><img loading=\"lazy\" decoding=\"async\" src=\"https:\/\/www.feuerwehr-ibbenbueren.de\/wp-content\/uploads\/2025\/01\/ivz_2025-01-08_01-150x150.jpg\" width=\"150\" height=\"150\" alt=\"\" \/><\/a>\r\n<\/dt><\/dl>\r\n\t\t\t<br style='clear: both' \/>\r\n\t\t<\/div>\n\n<p><em>Foto: Frank Klausmeyer (ivz-aktuell.de)<\/em><\/p>\n","protected":false},"excerpt":{"rendered":"<p>Einsatzbericht: Der Dienstbetrieb und der L\u00f6schzug Laggenbeck wurden am Mittwochmorgen mit dem Stichwort &#8222;Brand mittel Person in Gefahr&#8220; zu einem Kellerbrand am Brinkmannweg alarmiert.<\/p>\n","protected":false},"author":11,"featured_media":37811,"comment_status":"open","ping_status":"open","sticky":false,"template":"","format":"standard","meta":{"footnotes":""},"categories":[10,5],"tags":[241,601,85,607],"class_list":["post-37800","post","type-post","status-publish","format-standard","has-post-thumbnail","hentry","category-alle-beitraege","category-einsaetze","tag-brand-mittel","tag-dienstbetrieb-2025","tag-laggenbeck","tag-laggenbeck-2025"],"_links":{"self":[{"href":"https:\/\/www.feuerwehr-ibbenbueren.de\/index.php?rest_route=\/wp\/v2\/posts\/37800","targetHints":{"allow":["GET"]}}],"collection":[{"href":"https:\/\/www.feuerwehr-ibbenbueren.de\/index.php?rest_route=\/wp\/v2\/posts"}],"about":[{"href":"https:\/\/www.feuerwehr-ibbenbueren.de\/index.php?rest_route=\/wp\/v2\/types\/post"}],"author":[{"embeddable":true,"href":"https:\/\/www.feuerwehr-ibbenbueren.de\/index.php?rest_route=\/wp\/v2\/users\/11"}],"replies":[{"embeddable":true,"href":"https:\/\/www.feuerwehr-ibbenbueren.de\/index.php?rest_route=%2Fwp%2Fv2%2Fcomments&post=37800"}],"version-history":[{"count":8,"href":"https:\/\/www.feuerwehr-ibbenbueren.de\/index.php?rest_route=\/wp\/v2\/posts\/37800\/revisions"}],"predecessor-version":[{"id":37994,"href":"https:\/\/www.feuerwehr-ibbenbueren.de\/index.php?rest_route=\/wp\/v2\/posts\/37800\/revisions\/37994"}],"wp:featuredmedia":[{"embeddable":true,"href":"https:\/\/www.feuerwehr-ibbenbueren.de\/index.php?rest_route=\/wp\/v2\/media\/37811"}],"wp:attachment":[{"href":"https:\/\/www.feuerwehr-ibbenbueren.de\/index.php?rest_route=%2Fwp%2Fv2%2Fmedia&parent=37800"}],"wp:term":[{"taxonomy":"category","embeddable":true,"href":"https:\/\/www.feuerwehr-ibbenbueren.de\/index.php?rest_route=%2Fwp%2Fv2%2Fcategories&post=37800"},{"taxonomy":"post_tag","embeddable":true,"href":"https:\/\/www.feuerwehr-ibbenbueren.de\/index.php?rest_route=%2Fwp%2Fv2%2Ftags&post=37800"}],"curies":[{"name":"wp","href":"https:\/\/api.w.org\/{rel}","templated":true}]}}