{"id":38211,"date":"2025-03-15T10:38:04","date_gmt":"2025-03-15T09:38:04","guid":{"rendered":"https:\/\/www.feuerwehr-ibbenbueren.de\/?p=38211"},"modified":"2025-03-17T11:57:07","modified_gmt":"2025-03-17T10:57:07","slug":"betriebsstoffe-aufnehmen-2-2-2-2-4-2-2-2-2-2-2-4-2-2-5-2-2-4-3-2-2-2-2-2-2-2-2-2-3-copy-2-copy-3-copy-3-copy-2-copy-copy-2-copy-2-copy-3-copy-2-copy-2-copy-copy-3-copy-copy-copy-copy-copy-copy-cop-345","status":"publish","type":"post","link":"https:\/\/www.feuerwehr-ibbenbueren.de\/?p=38211","title":{"rendered":"TH klein &#8211; Unterst\u00fctzung Rettungsdienst"},"content":{"rendered":"<p><strong>Einsatzbericht: <\/strong>Der Dienstbetrieb, der L\u00f6schzug D\u00f6renthe und der L\u00f6schzug Stadtmitte 1 wurden zur Unterst\u00fctzung des Rettungsdienstes alarmiert. <!--more--><\/p>\n<p>Der Rettungsdienst wurde bei der Versorgung einer erkrankten Person unterst\u00fctzt.<\/p>\n","protected":false},"excerpt":{"rendered":"<p>Einsatzbericht: Der Dienstbetrieb, der L\u00f6schzug D\u00f6renthe und der L\u00f6schzug Stadtmitte 1 wurden zur Unterst\u00fctzung des Rettungsdienstes alarmiert.<\/p>\n","protected":false},"author":16,"featured_media":3026,"comment_status":"open","ping_status":"open","sticky":false,"template":"","format":"standard","meta":{"footnotes":""},"categories":[10,5],"tags":[601,605,602,339,122,78],"class_list":["post-38211","post","type-post","status-publish","format-standard","has-post-thumbnail","hentry","category-alle-beitraege","category-einsaetze","tag-dienstbetrieb-2025","tag-doerenthe-2025","tag-stadtmitte-1-2025","tag-th-klein","tag-tragehilfe","tag-unterstuetzung-rd"],"_links":{"self":[{"href":"https:\/\/www.feuerwehr-ibbenbueren.de\/index.php?rest_route=\/wp\/v2\/posts\/38211","targetHints":{"allow":["GET"]}}],"collection":[{"href":"https:\/\/www.feuerwehr-ibbenbueren.de\/index.php?rest_route=\/wp\/v2\/posts"}],"about":[{"href":"https:\/\/www.feuerwehr-ibbenbueren.de\/index.php?rest_route=\/wp\/v2\/types\/post"}],"author":[{"embeddable":true,"href":"https:\/\/www.feuerwehr-ibbenbueren.de\/index.php?rest_route=\/wp\/v2\/users\/16"}],"replies":[{"embeddable":true,"href":"https:\/\/www.feuerwehr-ibbenbueren.de\/index.php?rest_route=%2Fwp%2Fv2%2Fcomments&post=38211"}],"version-history":[{"count":5,"href":"https:\/\/www.feuerwehr-ibbenbueren.de\/index.php?rest_route=\/wp\/v2\/posts\/38211\/revisions"}],"predecessor-version":[{"id":38569,"href":"https:\/\/www.feuerwehr-ibbenbueren.de\/index.php?rest_route=\/wp\/v2\/posts\/38211\/revisions\/38569"}],"wp:featuredmedia":[{"embeddable":true,"href":"https:\/\/www.feuerwehr-ibbenbueren.de\/index.php?rest_route=\/wp\/v2\/media\/3026"}],"wp:attachment":[{"href":"https:\/\/www.feuerwehr-ibbenbueren.de\/index.php?rest_route=%2Fwp%2Fv2%2Fmedia&parent=38211"}],"wp:term":[{"taxonomy":"category","embeddable":true,"href":"https:\/\/www.feuerwehr-ibbenbueren.de\/index.php?rest_route=%2Fwp%2Fv2%2Fcategories&post=38211"},{"taxonomy":"post_tag","embeddable":true,"href":"https:\/\/www.feuerwehr-ibbenbueren.de\/index.php?rest_route=%2Fwp%2Fv2%2Ftags&post=38211"}],"curies":[{"name":"wp","href":"https:\/\/api.w.org\/{rel}","templated":true}]}}