{"id":38501,"date":"2025-03-10T23:37:14","date_gmt":"2025-03-10T22:37:14","guid":{"rendered":"https:\/\/www.feuerwehr-ibbenbueren.de\/?p=38501"},"modified":"2025-03-13T19:59:09","modified_gmt":"2025-03-13T18:59:09","slug":"betriebsstoffe-aufnehmen-2-2-2-2-4-2-2-2-2-2-2-4-2-2-5-2-2-4-3-2-2-2-2-2-2-2-2-2-3-copy-2-copy-3-copy-3-copy-2-copy-copy-2-copy-2-copy-3-copy-2-copy-2-copy-copy-3-copy-copy-copy-copy-copy-copy-cop-354","status":"publish","type":"post","link":"https:\/\/www.feuerwehr-ibbenbueren.de\/?p=38501","title":{"rendered":"Wasser Keller Breedenweg"},"content":{"rendered":"<p><strong>Einsatzbericht: <\/strong>Der Dienstbetrieb und der L\u00f6schzug Laggenbeck wurden mit dem Stichwort &#8222;Wasser Keller&#8220; alarmiert.<!--more--><\/p>\n<p>In einem Geb\u00e4ude war ein Filter in der Wasserzuleitung besch\u00e4digt worden und Wasser lief in den Keller des Geb\u00e4udes. Durch die Feuerwehr wurde die Wasserleitung abgeschiebert. Im Anschluss wurde die Einsatzstelle an den Besitzer \u00fcbergeben.<\/p>\n","protected":false},"excerpt":{"rendered":"<p>Einsatzbericht: Der Dienstbetrieb und der L\u00f6schzug Laggenbeck wurden mit dem Stichwort &#8222;Wasser Keller&#8220; alarmiert.<\/p>\n","protected":false},"author":11,"featured_media":3024,"comment_status":"open","ping_status":"open","sticky":false,"template":"","format":"standard","meta":{"footnotes":""},"categories":[10,5],"tags":[601,85,607,545],"class_list":["post-38501","post","type-post","status-publish","format-standard","has-post-thumbnail","hentry","category-alle-beitraege","category-einsaetze","tag-dienstbetrieb-2025","tag-laggenbeck","tag-laggenbeck-2025","tag-wasser-keller"],"_links":{"self":[{"href":"https:\/\/www.feuerwehr-ibbenbueren.de\/index.php?rest_route=\/wp\/v2\/posts\/38501","targetHints":{"allow":["GET"]}}],"collection":[{"href":"https:\/\/www.feuerwehr-ibbenbueren.de\/index.php?rest_route=\/wp\/v2\/posts"}],"about":[{"href":"https:\/\/www.feuerwehr-ibbenbueren.de\/index.php?rest_route=\/wp\/v2\/types\/post"}],"author":[{"embeddable":true,"href":"https:\/\/www.feuerwehr-ibbenbueren.de\/index.php?rest_route=\/wp\/v2\/users\/11"}],"replies":[{"embeddable":true,"href":"https:\/\/www.feuerwehr-ibbenbueren.de\/index.php?rest_route=%2Fwp%2Fv2%2Fcomments&post=38501"}],"version-history":[{"count":3,"href":"https:\/\/www.feuerwehr-ibbenbueren.de\/index.php?rest_route=\/wp\/v2\/posts\/38501\/revisions"}],"predecessor-version":[{"id":38545,"href":"https:\/\/www.feuerwehr-ibbenbueren.de\/index.php?rest_route=\/wp\/v2\/posts\/38501\/revisions\/38545"}],"wp:featuredmedia":[{"embeddable":true,"href":"https:\/\/www.feuerwehr-ibbenbueren.de\/index.php?rest_route=\/wp\/v2\/media\/3024"}],"wp:attachment":[{"href":"https:\/\/www.feuerwehr-ibbenbueren.de\/index.php?rest_route=%2Fwp%2Fv2%2Fmedia&parent=38501"}],"wp:term":[{"taxonomy":"category","embeddable":true,"href":"https:\/\/www.feuerwehr-ibbenbueren.de\/index.php?rest_route=%2Fwp%2Fv2%2Fcategories&post=38501"},{"taxonomy":"post_tag","embeddable":true,"href":"https:\/\/www.feuerwehr-ibbenbueren.de\/index.php?rest_route=%2Fwp%2Fv2%2Ftags&post=38501"}],"curies":[{"name":"wp","href":"https:\/\/api.w.org\/{rel}","templated":true}]}}