{"id":39266,"date":"2025-06-19T19:19:39","date_gmt":"2025-06-19T17:19:39","guid":{"rendered":"https:\/\/www.feuerwehr-ibbenbueren.de\/?p=39266"},"modified":"2025-06-20T05:41:35","modified_gmt":"2025-06-20T03:41:35","slug":"kleinbrand-2-2-4-3-3-2-2-2-copy-copy-2-copy-2-copy-2-copy-copy-copy-2-copy-copy-copy-copy-copy-copy-copy-copy-copy-2-copy-copy-copy-2-copy-copy-copy-copy-copy-2-copy-copy-copy-copy","status":"publish","type":"post","link":"https:\/\/www.feuerwehr-ibbenbueren.de\/?p=39266","title":{"rendered":"Brand mittel &#8211; brennt Gartenh\u00fctte"},"content":{"rendered":"<p><strong>Einsatzbericht: <\/strong>Der Dienstbetrieb und der L\u00f6schzug Stadtmitte 2 wurden mit dem Stichwort &#8222;Brand mittel&#8220; alarmiert.<!--more--><\/p>\n<p>An der Einsatzstelle brannte Kaminholz an einer Gartenh\u00fctte. Erfolgreiche Brandbek\u00e4mpfung mit einem C-Rohr.<\/p>\n<p>Das Kaminholz musste abgetragen und die dahinter liegende Holzwand zur Kontrolle auf Glutnester ge\u00f6ffnet werden.<\/p>\n<p>Nach Abschluss aller Ma\u00dfnahmen \u00dcbergabe der Einsatzstelle an den Eigent\u00fcmer.<\/p>\n<p><a href=\"https:\/\/www.ivz-aktuell.de\/articles\/419568\/ibbenbueren\/blaulicht-sicherheit\/feuerwehr-stoppt-brand-an-gartenhuette-?sort=Newest&amp;locationIds=1&amp;take=10&amp;skip=0\" target=\"_blank\" rel=\"noopener\">Onlinebericht auf ivz-aktuell (f\u00fcr Abonennten)<\/a><\/p>\n","protected":false},"excerpt":{"rendered":"<p>Einsatzbericht: Der Dienstbetrieb und der L\u00f6schzug Stadtmitte 2 wurden mit dem Stichwort &#8222;Brand mittel&#8220; alarmiert.<\/p>\n","protected":false},"author":2,"featured_media":3023,"comment_status":"open","ping_status":"open","sticky":false,"template":"","format":"standard","meta":{"footnotes":""},"categories":[10,5],"tags":[601,71,603],"class_list":["post-39266","post","type-post","status-publish","format-standard","has-post-thumbnail","hentry","category-alle-beitraege","category-einsaetze","tag-dienstbetrieb-2025","tag-feuer","tag-stadtmitte-2-2025"],"_links":{"self":[{"href":"https:\/\/www.feuerwehr-ibbenbueren.de\/index.php?rest_route=\/wp\/v2\/posts\/39266","targetHints":{"allow":["GET"]}}],"collection":[{"href":"https:\/\/www.feuerwehr-ibbenbueren.de\/index.php?rest_route=\/wp\/v2\/posts"}],"about":[{"href":"https:\/\/www.feuerwehr-ibbenbueren.de\/index.php?rest_route=\/wp\/v2\/types\/post"}],"author":[{"embeddable":true,"href":"https:\/\/www.feuerwehr-ibbenbueren.de\/index.php?rest_route=\/wp\/v2\/users\/2"}],"replies":[{"embeddable":true,"href":"https:\/\/www.feuerwehr-ibbenbueren.de\/index.php?rest_route=%2Fwp%2Fv2%2Fcomments&post=39266"}],"version-history":[{"count":1,"href":"https:\/\/www.feuerwehr-ibbenbueren.de\/index.php?rest_route=\/wp\/v2\/posts\/39266\/revisions"}],"predecessor-version":[{"id":39267,"href":"https:\/\/www.feuerwehr-ibbenbueren.de\/index.php?rest_route=\/wp\/v2\/posts\/39266\/revisions\/39267"}],"wp:featuredmedia":[{"embeddable":true,"href":"https:\/\/www.feuerwehr-ibbenbueren.de\/index.php?rest_route=\/wp\/v2\/media\/3023"}],"wp:attachment":[{"href":"https:\/\/www.feuerwehr-ibbenbueren.de\/index.php?rest_route=%2Fwp%2Fv2%2Fmedia&parent=39266"}],"wp:term":[{"taxonomy":"category","embeddable":true,"href":"https:\/\/www.feuerwehr-ibbenbueren.de\/index.php?rest_route=%2Fwp%2Fv2%2Fcategories&post=39266"},{"taxonomy":"post_tag","embeddable":true,"href":"https:\/\/www.feuerwehr-ibbenbueren.de\/index.php?rest_route=%2Fwp%2Fv2%2Ftags&post=39266"}],"curies":[{"name":"wp","href":"https:\/\/api.w.org\/{rel}","templated":true}]}}