{"id":40210,"date":"2025-10-11T12:39:37","date_gmt":"2025-10-11T10:39:37","guid":{"rendered":"https:\/\/www.feuerwehr-ibbenbueren.de\/?p=40210"},"modified":"2025-10-11T14:35:53","modified_gmt":"2025-10-11T12:35:53","slug":"betriebsstoffe-aufnehmen-2-2-2-2-4-2-2-2-2-2-2-4-2-2-5-2-2-4-3-2-2-2-2-2-2-2-2-2-3-copy-2-copy-copy-copy-copy-copy-copy-3-copy-2-copy-2-copy-copy-copy-copy-copy-copy-copy-copy-copy-copy-copy-copy-c-85","status":"publish","type":"post","link":"https:\/\/www.feuerwehr-ibbenbueren.de\/?p=40210","title":{"rendered":"P Wasser\/Eis &#8211; Person in der Aa"},"content":{"rendered":"<p><strong>Einsatzbericht:\u00a0<\/strong>Der Dienstbetrieb, der L\u00f6schzug Stadtmitte 2 und die Tauchergruppe Rheine wurden mit dem Stichwort &#8222;P Wasser\/Eis&#8220; zur Ibbenb\u00fcrener Aa gerufen.<br \/>\n<!--more--><\/p>\n<p>An der Einsatzstelle wurde eine Person im Wasser vorgefunden. Sie wurde von den ersteintreffenden Kr\u00e4ften gerettet und dem Rettungsdienst \u00fcbergeben.<\/p>\n<p>Keine weiteren Ma\u00dfnahmen durch die Feuerwehr erforderlich. Einsatzabbruch f\u00fcr die \u00fcbrigen alarmierten Kr\u00e4fte vom L\u00f6schzug Stadtmitte 2 und der Tauchergruppe Rheine.<\/p>\n","protected":false},"excerpt":{"rendered":"<p>Einsatzbericht:\u00a0Der Dienstbetrieb, der L\u00f6schzug Stadtmitte 2 und die Tauchergruppe Rheine wurden mit dem Stichwort &#8222;P Wasser\/Eis&#8220; zur Ibbenb\u00fcrener Aa gerufen.<\/p>\n","protected":false},"author":2,"featured_media":1829,"comment_status":"open","ping_status":"open","sticky":false,"template":"","format":"standard","meta":{"footnotes":""},"categories":[10,5],"tags":[601,520,603,521],"class_list":["post-40210","post","type-post","status-publish","format-standard","has-post-thumbnail","hentry","category-alle-beitraege","category-einsaetze","tag-dienstbetrieb-2025","tag-p_wasser-eis","tag-stadtmitte-2-2025","tag-tauchergruppe-rheine"],"_links":{"self":[{"href":"https:\/\/www.feuerwehr-ibbenbueren.de\/index.php?rest_route=\/wp\/v2\/posts\/40210","targetHints":{"allow":["GET"]}}],"collection":[{"href":"https:\/\/www.feuerwehr-ibbenbueren.de\/index.php?rest_route=\/wp\/v2\/posts"}],"about":[{"href":"https:\/\/www.feuerwehr-ibbenbueren.de\/index.php?rest_route=\/wp\/v2\/types\/post"}],"author":[{"embeddable":true,"href":"https:\/\/www.feuerwehr-ibbenbueren.de\/index.php?rest_route=\/wp\/v2\/users\/2"}],"replies":[{"embeddable":true,"href":"https:\/\/www.feuerwehr-ibbenbueren.de\/index.php?rest_route=%2Fwp%2Fv2%2Fcomments&post=40210"}],"version-history":[{"count":2,"href":"https:\/\/www.feuerwehr-ibbenbueren.de\/index.php?rest_route=\/wp\/v2\/posts\/40210\/revisions"}],"predecessor-version":[{"id":40212,"href":"https:\/\/www.feuerwehr-ibbenbueren.de\/index.php?rest_route=\/wp\/v2\/posts\/40210\/revisions\/40212"}],"wp:featuredmedia":[{"embeddable":true,"href":"https:\/\/www.feuerwehr-ibbenbueren.de\/index.php?rest_route=\/wp\/v2\/media\/1829"}],"wp:attachment":[{"href":"https:\/\/www.feuerwehr-ibbenbueren.de\/index.php?rest_route=%2Fwp%2Fv2%2Fmedia&parent=40210"}],"wp:term":[{"taxonomy":"category","embeddable":true,"href":"https:\/\/www.feuerwehr-ibbenbueren.de\/index.php?rest_route=%2Fwp%2Fv2%2Fcategories&post=40210"},{"taxonomy":"post_tag","embeddable":true,"href":"https:\/\/www.feuerwehr-ibbenbueren.de\/index.php?rest_route=%2Fwp%2Fv2%2Ftags&post=40210"}],"curies":[{"name":"wp","href":"https:\/\/api.w.org\/{rel}","templated":true}]}}