{"id":40531,"date":"2025-11-26T12:48:02","date_gmt":"2025-11-26T11:48:02","guid":{"rendered":"https:\/\/www.feuerwehr-ibbenbueren.de\/?p=40531"},"modified":"2025-11-27T20:28:47","modified_gmt":"2025-11-27T19:28:47","slug":"verkehrsunfall-radfahrer-unter-pkw-2-2-3-2-copy-copy-copy-copy-copy-copy-copy-copy-2-copy-copy","status":"publish","type":"post","link":"https:\/\/www.feuerwehr-ibbenbueren.de\/?p=40531","title":{"rendered":"ABC-Einsatz II, Austritt von Gefahrstoff"},"content":{"rendered":"<p><strong>Einsatzbericht: <\/strong>Der Dienstbetrieb, der L\u00f6schzug Stadtmitte 2 und die ABC-Kr\u00e4fte Ibbenb\u00fcren (aus Stadtmitte, Laggenbeck und D\u00f6renthe) wurden zu einem ABC-Einsatz alarmiert. <!--more--><\/p>\n<p data-start=\"81\" data-end=\"380\">In einem Industriebetrieb war eine gr\u00f6\u00dfere Menge eines Betriebsmittels ausgetreten und hatte sich im Keller gesammelt. Die Erkundung ergab, dass es sich um mehrere hundert Liter Isopropanol (IPA) handelte. IPA ist eine leicht entz\u00fcndbare Fl\u00fcssigkeit, die mit Luft explosionsf\u00e4hige Gemische bilden kann.<\/p>\n<p data-start=\"382\" data-end=\"610\">Der betroffene Bereich wurde evakuiert, die Umgebung weitr\u00e4umig abgesperrt und Messungen durchgef\u00fchrt. Es wurden keine Verletzten festgestellt. Der Brandschutz wurde sichergestellt und der ausgetretene Stoff einged\u00e4mmt.<\/p>\n<p data-start=\"612\" data-end=\"728\">Anschlie\u00dfend wurde die Fl\u00fcssigkeit mit Schaum abgedeckt, teilweise aufgenommen und das weitere Absaugen vorbereitet.<\/p>\n<p data-start=\"730\" data-end=\"871\" data-is-last-node=\"\" data-is-only-node=\"\">Zum Abschluss erfolgte die \u00dcbergabe der Einsatzstelle an den Betreiber f\u00fcr weitere Ma\u00dfnahmen, insbesondere das Absaugen durch eine Fachfirma.<\/p>\n<p><a href=\"https:\/\/www.ivz-aktuell.de\/articles\/450280\/ibbenbueren\/blaulicht-sicherheit\/hohe-explosionsgefahr-nach-havarie\" target=\"_blank\" rel=\"noopener\">Link zu ivz-aktuell (f\u00fcr Abonnenten)<\/a><\/p>\n","protected":false},"excerpt":{"rendered":"<p>Einsatzbericht: Der Dienstbetrieb, der L\u00f6schzug Stadtmitte 2 und die ABC-Kr\u00e4fte Ibbenb\u00fcren (aus Stadtmitte, Laggenbeck und D\u00f6renthe) wurden zu einem ABC-Einsatz alarmiert.<\/p>\n","protected":false},"author":2,"featured_media":13130,"comment_status":"open","ping_status":"open","sticky":false,"template":"","format":"standard","meta":{"footnotes":""},"categories":[10,5],"tags":[155,235,628,236,601,605,607,603,73],"class_list":["post-40531","post","type-post","status-publish","format-standard","has-post-thumbnail","hentry","category-alle-beitraege","category-einsaetze","tag-abc","tag-abc-erkunder","tag-abc-kraefte-2025","tag-dekon-p","tag-dienstbetrieb-2025","tag-doerenthe-2025","tag-laggenbeck-2025","tag-stadtmitte-2-2025","tag-th"],"_links":{"self":[{"href":"https:\/\/www.feuerwehr-ibbenbueren.de\/index.php?rest_route=\/wp\/v2\/posts\/40531","targetHints":{"allow":["GET"]}}],"collection":[{"href":"https:\/\/www.feuerwehr-ibbenbueren.de\/index.php?rest_route=\/wp\/v2\/posts"}],"about":[{"href":"https:\/\/www.feuerwehr-ibbenbueren.de\/index.php?rest_route=\/wp\/v2\/types\/post"}],"author":[{"embeddable":true,"href":"https:\/\/www.feuerwehr-ibbenbueren.de\/index.php?rest_route=\/wp\/v2\/users\/2"}],"replies":[{"embeddable":true,"href":"https:\/\/www.feuerwehr-ibbenbueren.de\/index.php?rest_route=%2Fwp%2Fv2%2Fcomments&post=40531"}],"version-history":[{"count":6,"href":"https:\/\/www.feuerwehr-ibbenbueren.de\/index.php?rest_route=\/wp\/v2\/posts\/40531\/revisions"}],"predecessor-version":[{"id":40543,"href":"https:\/\/www.feuerwehr-ibbenbueren.de\/index.php?rest_route=\/wp\/v2\/posts\/40531\/revisions\/40543"}],"wp:featuredmedia":[{"embeddable":true,"href":"https:\/\/www.feuerwehr-ibbenbueren.de\/index.php?rest_route=\/wp\/v2\/media\/13130"}],"wp:attachment":[{"href":"https:\/\/www.feuerwehr-ibbenbueren.de\/index.php?rest_route=%2Fwp%2Fv2%2Fmedia&parent=40531"}],"wp:term":[{"taxonomy":"category","embeddable":true,"href":"https:\/\/www.feuerwehr-ibbenbueren.de\/index.php?rest_route=%2Fwp%2Fv2%2Fcategories&post=40531"},{"taxonomy":"post_tag","embeddable":true,"href":"https:\/\/www.feuerwehr-ibbenbueren.de\/index.php?rest_route=%2Fwp%2Fv2%2Ftags&post=40531"}],"curies":[{"name":"wp","href":"https:\/\/api.w.org\/{rel}","templated":true}]}}