{"id":42271,"date":"2026-04-28T01:55:29","date_gmt":"2026-04-27T23:55:29","guid":{"rendered":"https:\/\/www.feuerwehr-ibbenbueren.de\/?p=42271"},"modified":"2026-04-28T09:20:23","modified_gmt":"2026-04-28T07:20:23","slug":"kleinbrand-2-2-4-3-3-2-2-2-copy-copy-2-copy-2-copy-2-copy-copy-copy-2-copy-copy-copy-copy-copy-copy-copy-copy-copy-2-copy-copy-copy-2-copy-copy-copy-copy-copy-2-copy-copy-copy-copy-copy-2-copy-copy-9","status":"publish","type":"post","link":"https:\/\/www.feuerwehr-ibbenbueren.de\/?p=42271","title":{"rendered":"Nachl\u00f6scharbeiten"},"content":{"rendered":"<p><strong>Einsatzbericht: <\/strong>Da sich der Dienstbetrieb im Paralleleinsatz befand, wurde der L\u00f6schzug Stadtmitte 2 zu Nachl\u00f6scharbeiten alarmiert.<!--more--><\/p>\n<p>Ein von Bewohnern bereits gel\u00f6schter Kleinbrand auf einem Balkon wurde mit der W\u00e4rmebildkamera kontrolliert. Keine weiteren Ma\u00dfnahmen der Feuerwehr erforderlich.<\/p>\n","protected":false},"excerpt":{"rendered":"<p>Einsatzbericht: Da sich der Dienstbetrieb im Paralleleinsatz befand, wurde der L\u00f6schzug Stadtmitte 2 zu Nachl\u00f6scharbeiten alarmiert.<\/p>\n","protected":false},"author":2,"featured_media":3023,"comment_status":"open","ping_status":"open","sticky":false,"template":"","format":"standard","meta":{"footnotes":""},"categories":[10,5],"tags":[578,314,651],"class_list":["post-42271","post","type-post","status-publish","format-standard","has-post-thumbnail","hentry","category-alle-beitraege","category-einsaetze","tag-brandnachschau","tag-nachloescharbeiten","tag-stadtmitte-2-2026"],"_links":{"self":[{"href":"https:\/\/www.feuerwehr-ibbenbueren.de\/index.php?rest_route=\/wp\/v2\/posts\/42271","targetHints":{"allow":["GET"]}}],"collection":[{"href":"https:\/\/www.feuerwehr-ibbenbueren.de\/index.php?rest_route=\/wp\/v2\/posts"}],"about":[{"href":"https:\/\/www.feuerwehr-ibbenbueren.de\/index.php?rest_route=\/wp\/v2\/types\/post"}],"author":[{"embeddable":true,"href":"https:\/\/www.feuerwehr-ibbenbueren.de\/index.php?rest_route=\/wp\/v2\/users\/2"}],"replies":[{"embeddable":true,"href":"https:\/\/www.feuerwehr-ibbenbueren.de\/index.php?rest_route=%2Fwp%2Fv2%2Fcomments&post=42271"}],"version-history":[{"count":2,"href":"https:\/\/www.feuerwehr-ibbenbueren.de\/index.php?rest_route=\/wp\/v2\/posts\/42271\/revisions"}],"predecessor-version":[{"id":42273,"href":"https:\/\/www.feuerwehr-ibbenbueren.de\/index.php?rest_route=\/wp\/v2\/posts\/42271\/revisions\/42273"}],"wp:featuredmedia":[{"embeddable":true,"href":"https:\/\/www.feuerwehr-ibbenbueren.de\/index.php?rest_route=\/wp\/v2\/media\/3023"}],"wp:attachment":[{"href":"https:\/\/www.feuerwehr-ibbenbueren.de\/index.php?rest_route=%2Fwp%2Fv2%2Fmedia&parent=42271"}],"wp:term":[{"taxonomy":"category","embeddable":true,"href":"https:\/\/www.feuerwehr-ibbenbueren.de\/index.php?rest_route=%2Fwp%2Fv2%2Fcategories&post=42271"},{"taxonomy":"post_tag","embeddable":true,"href":"https:\/\/www.feuerwehr-ibbenbueren.de\/index.php?rest_route=%2Fwp%2Fv2%2Ftags&post=42271"}],"curies":[{"name":"wp","href":"https:\/\/api.w.org\/{rel}","templated":true}]}}