{"id":42279,"date":"2026-04-29T10:55:50","date_gmt":"2026-04-29T08:55:50","guid":{"rendered":"https:\/\/www.feuerwehr-ibbenbueren.de\/?p=42279"},"modified":"2026-04-29T19:59:29","modified_gmt":"2026-04-29T17:59:29","slug":"betriebsstoffe-aufnehmen-2-2-2-2-4-2-2-2-2-2-2-4-2-2-5-2-2-4-3-2-2-2-2-2-2-2-2-2-3-copy-2-copy-3-copy-3-copy-2-copy-2-copy-3-copy-copy-copy-copy-2-copy-copy-copy-copy-3-copy-copy-copy-2-copy-2-cop-65","status":"publish","type":"post","link":"https:\/\/www.feuerwehr-ibbenbueren.de\/?p=42279","title":{"rendered":"Brand klein &#8211; Heckenbrand"},"content":{"rendered":"<blockquote><p><strong>Einsatzbericht: <\/strong>Der Dienstbetrieb\u00a0 wurde zu einem Heckenbrand alarmiert. <!--more--><\/p><\/blockquote>\n<p>An der Einsatzstelle war es zu einem Heckenbrand von etwa 8 m L\u00e4nge gekommen.<\/p>\n<p>Beim Eintreffen der\u00a0 Einsatzkr\u00e4fte war die Hecke bereits von Anwohnern mit einem Pulverl\u00f6scher abgel\u00f6scht worden.<\/p>\n<p>Kontrolle durch die Feuerwehr, es wurden Nachl\u00f6scharbeiten mit einem C-Rohr durchgef\u00fchrt.<\/p>\n<p>&nbsp;<\/p>\n","protected":false},"excerpt":{"rendered":"<p>Einsatzbericht: Der Dienstbetrieb\u00a0 wurde zu einem Heckenbrand alarmiert.<\/p>\n","protected":false},"author":8,"featured_media":3023,"comment_status":"open","ping_status":"open","sticky":false,"template":"","format":"standard","meta":{"footnotes":""},"categories":[10,5],"tags":[313,278,649],"class_list":["post-42279","post","type-post","status-publish","format-standard","has-post-thumbnail","hentry","category-alle-beitraege","category-einsaetze","tag-brand-klein","tag-heckenbrand","tag-nur-dienstbetrieb-2026"],"_links":{"self":[{"href":"https:\/\/www.feuerwehr-ibbenbueren.de\/index.php?rest_route=\/wp\/v2\/posts\/42279","targetHints":{"allow":["GET"]}}],"collection":[{"href":"https:\/\/www.feuerwehr-ibbenbueren.de\/index.php?rest_route=\/wp\/v2\/posts"}],"about":[{"href":"https:\/\/www.feuerwehr-ibbenbueren.de\/index.php?rest_route=\/wp\/v2\/types\/post"}],"author":[{"embeddable":true,"href":"https:\/\/www.feuerwehr-ibbenbueren.de\/index.php?rest_route=\/wp\/v2\/users\/8"}],"replies":[{"embeddable":true,"href":"https:\/\/www.feuerwehr-ibbenbueren.de\/index.php?rest_route=%2Fwp%2Fv2%2Fcomments&post=42279"}],"version-history":[{"count":3,"href":"https:\/\/www.feuerwehr-ibbenbueren.de\/index.php?rest_route=\/wp\/v2\/posts\/42279\/revisions"}],"predecessor-version":[{"id":42282,"href":"https:\/\/www.feuerwehr-ibbenbueren.de\/index.php?rest_route=\/wp\/v2\/posts\/42279\/revisions\/42282"}],"wp:featuredmedia":[{"embeddable":true,"href":"https:\/\/www.feuerwehr-ibbenbueren.de\/index.php?rest_route=\/wp\/v2\/media\/3023"}],"wp:attachment":[{"href":"https:\/\/www.feuerwehr-ibbenbueren.de\/index.php?rest_route=%2Fwp%2Fv2%2Fmedia&parent=42279"}],"wp:term":[{"taxonomy":"category","embeddable":true,"href":"https:\/\/www.feuerwehr-ibbenbueren.de\/index.php?rest_route=%2Fwp%2Fv2%2Fcategories&post=42279"},{"taxonomy":"post_tag","embeddable":true,"href":"https:\/\/www.feuerwehr-ibbenbueren.de\/index.php?rest_route=%2Fwp%2Fv2%2Ftags&post=42279"}],"curies":[{"name":"wp","href":"https:\/\/api.w.org\/{rel}","templated":true}]}}