{"id":42295,"date":"2026-05-02T22:03:10","date_gmt":"2026-05-02T20:03:10","guid":{"rendered":"https:\/\/www.feuerwehr-ibbenbueren.de\/?p=42295"},"modified":"2026-05-03T11:26:39","modified_gmt":"2026-05-03T09:26:39","slug":"betriebsstoffe-aufnehmen-3-2-3-3-3-3-2-3-12-3-2-2-4-2-2-3-5-2-2-2-2-2-2-copy-copy-copy-copy-copy-copy-copy-copy-2-copy-copy-2-copy-2-copy-2-copy-3-copy-copy-copy-copy-copy-copy-copy-copy-copy-3-co-90","status":"publish","type":"post","link":"https:\/\/www.feuerwehr-ibbenbueren.de\/?p=42295","title":{"rendered":"\u00d6l nach VU Gro\u00dfe Stra\u00dfe"},"content":{"rendered":"<p><strong>Einsatzbericht:<\/strong> Der Dienstbetrieb wurde zu einer \u00d6lspur nach VU alarmiert.<!--more--><\/p>\n<p>Nach einem Verkehrsunfall wurde die Einsatzstelle mit Bindemittel abgestreut und die Batterie abgeklemmt.<\/p>\n<p>Einsatzstelle der Polizei \u00fcbergeben.<\/p>\n","protected":false},"excerpt":{"rendered":"<p>Einsatzbericht: Der Dienstbetrieb wurde zu einer \u00d6lspur nach VU alarmiert.<\/p>\n","protected":false},"author":8,"featured_media":1829,"comment_status":"open","ping_status":"open","sticky":false,"template":"","format":"standard","meta":{"footnotes":""},"categories":[10,5],"tags":[649,80,73,74],"class_list":["post-42295","post","type-post","status-publish","format-standard","has-post-thumbnail","hentry","category-alle-beitraege","category-einsaetze","tag-nur-dienstbetrieb-2026","tag-oel","tag-th","tag-vu"],"_links":{"self":[{"href":"https:\/\/www.feuerwehr-ibbenbueren.de\/index.php?rest_route=\/wp\/v2\/posts\/42295","targetHints":{"allow":["GET"]}}],"collection":[{"href":"https:\/\/www.feuerwehr-ibbenbueren.de\/index.php?rest_route=\/wp\/v2\/posts"}],"about":[{"href":"https:\/\/www.feuerwehr-ibbenbueren.de\/index.php?rest_route=\/wp\/v2\/types\/post"}],"author":[{"embeddable":true,"href":"https:\/\/www.feuerwehr-ibbenbueren.de\/index.php?rest_route=\/wp\/v2\/users\/8"}],"replies":[{"embeddable":true,"href":"https:\/\/www.feuerwehr-ibbenbueren.de\/index.php?rest_route=%2Fwp%2Fv2%2Fcomments&post=42295"}],"version-history":[{"count":1,"href":"https:\/\/www.feuerwehr-ibbenbueren.de\/index.php?rest_route=\/wp\/v2\/posts\/42295\/revisions"}],"predecessor-version":[{"id":42296,"href":"https:\/\/www.feuerwehr-ibbenbueren.de\/index.php?rest_route=\/wp\/v2\/posts\/42295\/revisions\/42296"}],"wp:featuredmedia":[{"embeddable":true,"href":"https:\/\/www.feuerwehr-ibbenbueren.de\/index.php?rest_route=\/wp\/v2\/media\/1829"}],"wp:attachment":[{"href":"https:\/\/www.feuerwehr-ibbenbueren.de\/index.php?rest_route=%2Fwp%2Fv2%2Fmedia&parent=42295"}],"wp:term":[{"taxonomy":"category","embeddable":true,"href":"https:\/\/www.feuerwehr-ibbenbueren.de\/index.php?rest_route=%2Fwp%2Fv2%2Fcategories&post=42295"},{"taxonomy":"post_tag","embeddable":true,"href":"https:\/\/www.feuerwehr-ibbenbueren.de\/index.php?rest_route=%2Fwp%2Fv2%2Ftags&post=42295"}],"curies":[{"name":"wp","href":"https:\/\/api.w.org\/{rel}","templated":true}]}}