{"id":4264,"date":"2016-01-05T19:39:19","date_gmt":"2016-01-05T18:39:19","guid":{"rendered":"http:\/\/www.feuerwehr-ibbenbueren.de\/?p=4264"},"modified":"2016-01-06T09:05:05","modified_gmt":"2016-01-06T08:05:05","slug":"kleinbrand-2-2-4-3-3-2-2-2-2","status":"publish","type":"post","link":"https:\/\/www.feuerwehr-ibbenbueren.de\/?p=4264","title":{"rendered":"Zimmerbrand, unklare Rauchentwicklung aus Zimmer"},"content":{"rendered":"<p><strong>Einsatzbericht:\u00a0<\/strong>Zu einem Zimmerbrand wurde am Dienstagabend der hauptamtliche Dienstbetrieb und der L\u00f6schzug 1 alarmiert. Durch die Leitstelle wurde mitgeteilt,<!--more--> dass es sich um eine unklare Rauchentwicklung, im Inneren des Geb\u00e4udes handelt.<br \/>\nEin Trupp ging, unter PA mit dem ersten Rohr, in das Geb\u00e4ude vor. Auf einem Schreibtisch fand der vorgehende Trupp verkohlte Gegenst\u00e4nde. Mit einer Schuttmulde wurden diese ins Freie gebracht und abgel\u00f6scht.<\/p>\n<p>Drei Personen, die sich im Geb\u00e4ude befanden, wurden dem Rettungsdienst \u00fcbergeben und mit dem Verdacht auf eine Rauchgasintoxikation ins Krankenhaus transportiert.<\/p>\n<p>Das Geb\u00e4ude wurde noch mit Hochleistungsl\u00fcftern bel\u00fcftet und mit Messger\u00e4ten freigemessen.<br \/>\nDie Einsatzstelle wurde dem Eigent\u00fcmer \u00fcbergeben.<\/p>\n<p><a href=\"http:\/\/www.ivz-aktuell.de\/lokales\/ibbenbueren_artikel,-Zimmerbrand-am-Bergkamp-_arid,537791.html\" target=\"_blank\">Bericht auf ivz-aktuell<\/a><\/p>\n<p>Bild mit freundlicher Genehmigung der IVZ<\/p>\n<p>&nbsp;<\/p>\n","protected":false},"excerpt":{"rendered":"<p>Einsatzbericht:\u00a0Zu einem Zimmerbrand wurde am Dienstagabend der hauptamtliche Dienstbetrieb und der L\u00f6schzug 1 alarmiert. Durch die Leitstelle wurde mitgeteilt,<\/p>\n","protected":false},"author":7,"featured_media":4272,"comment_status":"open","ping_status":"open","sticky":false,"template":"","format":"standard","meta":{"footnotes":""},"categories":[10,5],"tags":[65,71,60],"class_list":["post-4264","post","type-post","status-publish","format-standard","has-post-thumbnail","hentry","category-alle-beitraege","category-einsaetze","tag-dienstbetrieb","tag-feuer","tag-stadtmitte-1"],"_links":{"self":[{"href":"https:\/\/www.feuerwehr-ibbenbueren.de\/index.php?rest_route=\/wp\/v2\/posts\/4264","targetHints":{"allow":["GET"]}}],"collection":[{"href":"https:\/\/www.feuerwehr-ibbenbueren.de\/index.php?rest_route=\/wp\/v2\/posts"}],"about":[{"href":"https:\/\/www.feuerwehr-ibbenbueren.de\/index.php?rest_route=\/wp\/v2\/types\/post"}],"author":[{"embeddable":true,"href":"https:\/\/www.feuerwehr-ibbenbueren.de\/index.php?rest_route=\/wp\/v2\/users\/7"}],"replies":[{"embeddable":true,"href":"https:\/\/www.feuerwehr-ibbenbueren.de\/index.php?rest_route=%2Fwp%2Fv2%2Fcomments&post=4264"}],"version-history":[{"count":6,"href":"https:\/\/www.feuerwehr-ibbenbueren.de\/index.php?rest_route=\/wp\/v2\/posts\/4264\/revisions"}],"predecessor-version":[{"id":4284,"href":"https:\/\/www.feuerwehr-ibbenbueren.de\/index.php?rest_route=\/wp\/v2\/posts\/4264\/revisions\/4284"}],"wp:featuredmedia":[{"embeddable":true,"href":"https:\/\/www.feuerwehr-ibbenbueren.de\/index.php?rest_route=\/wp\/v2\/media\/4272"}],"wp:attachment":[{"href":"https:\/\/www.feuerwehr-ibbenbueren.de\/index.php?rest_route=%2Fwp%2Fv2%2Fmedia&parent=4264"}],"wp:term":[{"taxonomy":"category","embeddable":true,"href":"https:\/\/www.feuerwehr-ibbenbueren.de\/index.php?rest_route=%2Fwp%2Fv2%2Fcategories&post=4264"},{"taxonomy":"post_tag","embeddable":true,"href":"https:\/\/www.feuerwehr-ibbenbueren.de\/index.php?rest_route=%2Fwp%2Fv2%2Ftags&post=4264"}],"curies":[{"name":"wp","href":"https:\/\/api.w.org\/{rel}","templated":true}]}}