{"id":4311,"date":"2016-01-06T08:52:59","date_gmt":"2016-01-06T07:52:59","guid":{"rendered":"http:\/\/www.feuerwehr-ibbenbueren.de\/?p=4311"},"modified":"2016-03-28T12:25:46","modified_gmt":"2016-03-28T10:25:46","slug":"betriebsstoffe-aufnehmen-3-2-3-3-3-3-2-3-12-3-2-2-4-2-2-2-3","status":"publish","type":"post","link":"https:\/\/www.feuerwehr-ibbenbueren.de\/?p=4311","title":{"rendered":"\u00d6l aufnehmen nach Verkehrsunfall"},"content":{"rendered":"<p><b>Einsatzbericht: <\/b>W\u00e4hrend des Einsatzes an der Teutoburger \u00d6lm\u00fchle wurde \u00fcber die Leitstelle ein weiterer Einsatz an den ELW gemeldet.<!--more--> Teile des L\u00f6schzuges Laggenbeck, die sich noch auf der Anfahrt zum Einsatz befanden, wurden zum zweiten Einsatzort umgeleitet.<\/p>\n<p>Im Ortsteil Laggenbeck war ein PKW mit einem LKW kollidiert. Eine Person wurde verletzt und Betriebsstoffe traten aus den verunfallten Fahrzeugen aus. Die Person wurde, durch den ebenfalls alarmierten Rettungsdienst, versorgt und im Anschluss in ein Krankenhaus transportiert.<\/p>\n<p>Durch die Feuerwehr wurde die Einsatzstelle abgesichert und eine ca. 25 Meter lange \u00d6lspur abgestreut. Da auch Betriebsstoffe in einen Graben gelaufen waren, wurde die untere Wasserbeh\u00f6rde sowie der Stra\u00dfenbaulasttr\u00e4ger hinzugezogen. Auch an dieser Einsatzstelle erschwerte der Eisregen die Arbeit der Feuerwehr.<\/p>\n\n\t\t<div id='gallery-1' class='gallery galleryid-4311 gallery-columns-4 gallery-size-thumbnail gallery1'><script type=\"text\/javascript\">\r\n\/\/ <![CDATA[\r\n\tjQuery(document).ready(function () {\r\n\t\tjQuery(\".gallery1 a\").attr(\"rel\",\"gallery1\");\t\r\n\t\tjQuery('a[rel=\"gallery1\"]').colorbox({maxWidth:\"95%\", maxHeight:\"95%\",title: function(){ return jQuery(this).children().attr(\"alt\"); }, });\r\n\t});\r\n\/\/ ]]>\r\n<\/script>\n<dl class=\"gallery-item\">\n<dt class=\"gallery-icon\">\r\n<a href=\"https:\/\/www.feuerwehr-ibbenbueren.de\/wp-content\/uploads\/2016\/01\/UV-Ledder-Stra\u00dfe-20160106_1.jpg\" title=\"\" rel=\"gallery1\"><img loading=\"lazy\" decoding=\"async\" src=\"https:\/\/www.feuerwehr-ibbenbueren.de\/wp-content\/uploads\/2016\/01\/UV-Ledder-Stra\u00dfe-20160106_1-150x150.jpg\" width=\"150\" height=\"150\" alt=\"\" \/><\/a>\r\n<\/dt><\/dl><dl class=\"gallery-item\">\n<dt class=\"gallery-icon\">\r\n<a href=\"https:\/\/www.feuerwehr-ibbenbueren.de\/wp-content\/uploads\/2016\/01\/UV-Ledder-Stra\u00dfe-20160106_2.jpg\" title=\"Pkw und Lkw nach dem Unfall\" rel=\"gallery1\"><img loading=\"lazy\" decoding=\"async\" src=\"https:\/\/www.feuerwehr-ibbenbueren.de\/wp-content\/uploads\/2016\/01\/UV-Ledder-Stra\u00dfe-20160106_2-150x150.jpg\" width=\"150\" height=\"150\" alt=\"Pkw und Lkw nach dem Unfall\" \/><\/a>\r\n<\/dt><dd class=\"gallery-caption\" id=\"caption4321\"><span class=\"imagecaption\">Pkw und Lkw nach dem Unfall<\/span><br \/>\n<\/dd><\/dl><dl class=\"gallery-item\">\n<dt class=\"gallery-icon\">\r\n<a href=\"https:\/\/www.feuerwehr-ibbenbueren.de\/wp-content\/uploads\/2016\/01\/UV-Ledder-Stra\u00dfe-20160106_3.jpg\" title=\"Beide Fahrzeuge im Stra\u00dfengraben\" rel=\"gallery1\"><img loading=\"lazy\" decoding=\"async\" src=\"https:\/\/www.feuerwehr-ibbenbueren.de\/wp-content\/uploads\/2016\/01\/UV-Ledder-Stra\u00dfe-20160106_3-150x150.jpg\" width=\"150\" height=\"150\" alt=\"Beide Fahrzeuge im Stra\u00dfengraben\" \/><\/a>\r\n<\/dt><dd class=\"gallery-caption\" id=\"caption4319\"><span class=\"imagecaption\">Beide Fahrzeuge im Stra\u00dfengraben<\/span><br \/>\n<\/dd><\/dl>\r\n\t\t\t<br style='clear: both' \/>\r\n\t\t<\/div>\n\n<p>&nbsp;<\/p>\n","protected":false},"excerpt":{"rendered":"<p>Einsatzbericht: W\u00e4hrend des Einsatzes an der Teutoburger \u00d6lm\u00fchle wurde \u00fcber die Leitstelle ein weiterer Einsatz an den ELW gemeldet.<\/p>\n","protected":false},"author":7,"featured_media":4320,"comment_status":"open","ping_status":"open","sticky":false,"template":"","format":"standard","meta":{"footnotes":""},"categories":[10,5],"tags":[85,214,80],"class_list":["post-4311","post","type-post","status-publish","format-standard","has-post-thumbnail","hentry","category-alle-beitraege","category-einsaetze","tag-laggenbeck","tag-laggenbeck-2016","tag-oel"],"_links":{"self":[{"href":"https:\/\/www.feuerwehr-ibbenbueren.de\/index.php?rest_route=\/wp\/v2\/posts\/4311","targetHints":{"allow":["GET"]}}],"collection":[{"href":"https:\/\/www.feuerwehr-ibbenbueren.de\/index.php?rest_route=\/wp\/v2\/posts"}],"about":[{"href":"https:\/\/www.feuerwehr-ibbenbueren.de\/index.php?rest_route=\/wp\/v2\/types\/post"}],"author":[{"embeddable":true,"href":"https:\/\/www.feuerwehr-ibbenbueren.de\/index.php?rest_route=\/wp\/v2\/users\/7"}],"replies":[{"embeddable":true,"href":"https:\/\/www.feuerwehr-ibbenbueren.de\/index.php?rest_route=%2Fwp%2Fv2%2Fcomments&post=4311"}],"version-history":[{"count":11,"href":"https:\/\/www.feuerwehr-ibbenbueren.de\/index.php?rest_route=\/wp\/v2\/posts\/4311\/revisions"}],"predecessor-version":[{"id":4326,"href":"https:\/\/www.feuerwehr-ibbenbueren.de\/index.php?rest_route=\/wp\/v2\/posts\/4311\/revisions\/4326"}],"wp:featuredmedia":[{"embeddable":true,"href":"https:\/\/www.feuerwehr-ibbenbueren.de\/index.php?rest_route=\/wp\/v2\/media\/4320"}],"wp:attachment":[{"href":"https:\/\/www.feuerwehr-ibbenbueren.de\/index.php?rest_route=%2Fwp%2Fv2%2Fmedia&parent=4311"}],"wp:term":[{"taxonomy":"category","embeddable":true,"href":"https:\/\/www.feuerwehr-ibbenbueren.de\/index.php?rest_route=%2Fwp%2Fv2%2Fcategories&post=4311"},{"taxonomy":"post_tag","embeddable":true,"href":"https:\/\/www.feuerwehr-ibbenbueren.de\/index.php?rest_route=%2Fwp%2Fv2%2Ftags&post=4311"}],"curies":[{"name":"wp","href":"https:\/\/api.w.org\/{rel}","templated":true}]}}