{"id":43216,"date":"2026-08-30T11:30:05","date_gmt":"2026-08-30T09:30:05","guid":{"rendered":"https:\/\/www.feuerwehr-ibbenbueren.de\/?p=43216"},"modified":"2026-08-31T19:55:07","modified_gmt":"2026-08-31T17:55:07","slug":"ferienfreizeit-doerenthe2015-2-2-2-2-2-3-2-2-4-copy-copy-3-copy-2-copy-copy-copy-copy-copy-2-copy-copy-copy-copy-copy-copy-copy-copy-copy-copy-copy-copy-copy-2-copy-copy-2-copy-copy-2-copy-copy","status":"publish","type":"post","link":"https:\/\/www.feuerwehr-ibbenbueren.de\/?p=43216","title":{"rendered":"43. Riesenbecker Triathlon am Torfmoorsee"},"content":{"rendered":"<p>Am Sonntag, dem 30.08.2026, fand der 43. Riesenbecker Triathlon am Torfmoorsee statt. Von der Feuerwehr Ibbenb\u00fcren nahmen acht Kameradinnen und Kameraden aus den L\u00f6schz\u00fcgen Stadtmitte sowie der hauptamtlichen Wache teil.<br \/>\n<!--more--><\/p>\n<div>\n<div class=\"image-single\">\n<div class=\"mt_right\">\n<p>Auf der olympischen Distanz (1.500 m Schwimmen, 40 km Rad, 10 km Laufen) gingen drei Teilnehmerinnen bzw. Teilnehmer an den Start, die Volksdistanz (600 m Schwimmen, 20 km Rad, 5 km Laufen) nahmen f\u00fcnf Kameraden in Angriff. F\u00fcr die olympische Distanz wurden zwischen 2:47 h und 3:10 h ben\u00f6tigt. Bei der Volksdistanz waren die F\u00fcnf zwischen 1:18 h und 1:26 h unterwegs.<\/p>\n<p>An dieser Stelle den acht Athletinnen und Athleten einen herzlichen Gl\u00fcckwunsch zu ihrer erbrachten sportlichen Leistung!<\/p>\n\n\t\t<div id='gallery-1' class='gallery galleryid-43216 gallery-columns-4 gallery-size-thumbnail gallery1'><script type=\"text\/javascript\">\r\n\/\/ <![CDATA[\r\n\tjQuery(document).ready(function () {\r\n\t\tjQuery(\".gallery1 a\").attr(\"rel\",\"gallery1\");\t\r\n\t\tjQuery('a[rel=\"gallery1\"]').colorbox({maxWidth:\"95%\", maxHeight:\"95%\",title: function(){ return jQuery(this).children().attr(\"alt\"); }, });\r\n\t});\r\n\/\/ ]]>\r\n<\/script>\n<dl class=\"gallery-item\">\n<dt class=\"gallery-icon\">\r\n<a href=\"https:\/\/www.feuerwehr-ibbenbueren.de\/wp-content\/uploads\/2026\/08\/WhatsApp-Image-2026-08-30-at-17.52.12.jpeg\" title=\"\" rel=\"gallery1\"><img loading=\"lazy\" decoding=\"async\" src=\"https:\/\/www.feuerwehr-ibbenbueren.de\/wp-content\/uploads\/2026\/08\/WhatsApp-Image-2026-08-30-at-17.52.12-150x150.jpeg\" width=\"150\" height=\"150\" alt=\"\" \/><\/a>\r\n<\/dt><\/dl><dl class=\"gallery-item\">\n<dt class=\"gallery-icon\">\r\n<a href=\"https:\/\/www.feuerwehr-ibbenbueren.de\/wp-content\/uploads\/2026\/08\/WhatsApp-Image-2026-08-30-at-17.49.46.jpeg\" title=\"\" rel=\"gallery1\"><img loading=\"lazy\" decoding=\"async\" src=\"https:\/\/www.feuerwehr-ibbenbueren.de\/wp-content\/uploads\/2026\/08\/WhatsApp-Image-2026-08-30-at-17.49.46-150x150.jpeg\" width=\"150\" height=\"150\" alt=\"\" \/><\/a>\r\n<\/dt><\/dl><dl class=\"gallery-item\">\n<dt class=\"gallery-icon\">\r\n<a href=\"https:\/\/www.feuerwehr-ibbenbueren.de\/wp-content\/uploads\/2026\/08\/WhatsApp-Image-2026-08-30-at-15.22.50.jpeg\" title=\"\" rel=\"gallery1\"><img loading=\"lazy\" decoding=\"async\" src=\"https:\/\/www.feuerwehr-ibbenbueren.de\/wp-content\/uploads\/2026\/08\/WhatsApp-Image-2026-08-30-at-15.22.50-150x150.jpeg\" width=\"150\" height=\"150\" alt=\"\" \/><\/a>\r\n<\/dt><\/dl><dl class=\"gallery-item\">\n<dt class=\"gallery-icon\">\r\n<a href=\"https:\/\/www.feuerwehr-ibbenbueren.de\/wp-content\/uploads\/2026\/08\/WhatsApp-Image-2026-08-30-at-17.49.49-1.jpeg\" title=\"\" rel=\"gallery1\"><img loading=\"lazy\" decoding=\"async\" src=\"https:\/\/www.feuerwehr-ibbenbueren.de\/wp-content\/uploads\/2026\/08\/WhatsApp-Image-2026-08-30-at-17.49.49-1-150x150.jpeg\" width=\"150\" height=\"150\" alt=\"\" \/><\/a>\r\n<\/dt><\/dl><br style=\"clear: both\" \/><dl class=\"gallery-item\">\n<dt class=\"gallery-icon\">\r\n<a href=\"https:\/\/www.feuerwehr-ibbenbueren.de\/wp-content\/uploads\/2026\/08\/WhatsApp-Image-2026-08-30-at-17.49.48.jpeg\" title=\"\" rel=\"gallery1\"><img loading=\"lazy\" decoding=\"async\" src=\"https:\/\/www.feuerwehr-ibbenbueren.de\/wp-content\/uploads\/2026\/08\/WhatsApp-Image-2026-08-30-at-17.49.48-150x150.jpeg\" width=\"150\" height=\"150\" alt=\"\" \/><\/a>\r\n<\/dt><\/dl><dl class=\"gallery-item\">\n<dt class=\"gallery-icon\">\r\n<a href=\"https:\/\/www.feuerwehr-ibbenbueren.de\/wp-content\/uploads\/2026\/08\/WhatsApp-Image-2026-08-30-at-17.49.48-1.jpeg\" title=\"\" rel=\"gallery1\"><img loading=\"lazy\" decoding=\"async\" src=\"https:\/\/www.feuerwehr-ibbenbueren.de\/wp-content\/uploads\/2026\/08\/WhatsApp-Image-2026-08-30-at-17.49.48-1-150x150.jpeg\" width=\"150\" height=\"150\" alt=\"\" \/><\/a>\r\n<\/dt><\/dl><dl class=\"gallery-item\">\n<dt class=\"gallery-icon\">\r\n<a href=\"https:\/\/www.feuerwehr-ibbenbueren.de\/wp-content\/uploads\/2026\/08\/WhatsApp-Image-2026-08-30-at-17.49.49.jpeg\" title=\"\" rel=\"gallery1\"><img loading=\"lazy\" decoding=\"async\" src=\"https:\/\/www.feuerwehr-ibbenbueren.de\/wp-content\/uploads\/2026\/08\/WhatsApp-Image-2026-08-30-at-17.49.49-150x150.jpeg\" width=\"150\" height=\"150\" alt=\"\" \/><\/a>\r\n<\/dt><\/dl><dl class=\"gallery-item\">\n<dt class=\"gallery-icon\">\r\n<a href=\"https:\/\/www.feuerwehr-ibbenbueren.de\/wp-content\/uploads\/2026\/08\/WhatsApp-Image-2026-08-30-at-17.22.53.jpeg\" title=\"\" rel=\"gallery1\"><img loading=\"lazy\" decoding=\"async\" src=\"https:\/\/www.feuerwehr-ibbenbueren.de\/wp-content\/uploads\/2026\/08\/WhatsApp-Image-2026-08-30-at-17.22.53-150x150.jpeg\" width=\"150\" height=\"150\" alt=\"\" \/><\/a>\r\n<\/dt><\/dl><br style=\"clear: both\" \/><dl class=\"gallery-item\">\n<dt class=\"gallery-icon\">\r\n<a href=\"https:\/\/www.feuerwehr-ibbenbueren.de\/wp-content\/uploads\/2026\/08\/WhatsApp-Image-2026-08-30-at-17.22.54.jpeg\" title=\"\" rel=\"gallery1\"><img loading=\"lazy\" decoding=\"async\" src=\"https:\/\/www.feuerwehr-ibbenbueren.de\/wp-content\/uploads\/2026\/08\/WhatsApp-Image-2026-08-30-at-17.22.54-150x150.jpeg\" width=\"150\" height=\"150\" alt=\"\" \/><\/a>\r\n<\/dt><\/dl><dl class=\"gallery-item\">\n<dt class=\"gallery-icon\">\r\n<a href=\"https:\/\/www.feuerwehr-ibbenbueren.de\/wp-content\/uploads\/2026\/08\/WhatsApp-Image-2026-08-30-at-17.34.23.jpeg\" title=\"\" rel=\"gallery1\"><img loading=\"lazy\" decoding=\"async\" src=\"https:\/\/www.feuerwehr-ibbenbueren.de\/wp-content\/uploads\/2026\/08\/WhatsApp-Image-2026-08-30-at-17.34.23-150x150.jpeg\" width=\"150\" height=\"150\" alt=\"\" \/><\/a>\r\n<\/dt><\/dl><dl class=\"gallery-item\">\n<dt class=\"gallery-icon\">\r\n<a href=\"https:\/\/www.feuerwehr-ibbenbueren.de\/wp-content\/uploads\/2026\/08\/WhatsApp-Image-2026-08-30-at-17.57.19.jpeg\" title=\"\" rel=\"gallery1\"><img loading=\"lazy\" decoding=\"async\" src=\"https:\/\/www.feuerwehr-ibbenbueren.de\/wp-content\/uploads\/2026\/08\/WhatsApp-Image-2026-08-30-at-17.57.19-150x150.jpeg\" width=\"150\" height=\"150\" alt=\"\" \/><\/a>\r\n<\/dt><\/dl><dl class=\"gallery-item\">\n<dt class=\"gallery-icon\">\r\n<a href=\"https:\/\/www.feuerwehr-ibbenbueren.de\/wp-content\/uploads\/2026\/08\/WhatsApp-Image-2026-08-30-at-17.57.18-1.jpeg\" title=\"\" rel=\"gallery1\"><img loading=\"lazy\" decoding=\"async\" src=\"https:\/\/www.feuerwehr-ibbenbueren.de\/wp-content\/uploads\/2026\/08\/WhatsApp-Image-2026-08-30-at-17.57.18-1-150x150.jpeg\" width=\"150\" height=\"150\" alt=\"\" \/><\/a>\r\n<\/dt><\/dl><br style=\"clear: both\" \/><dl class=\"gallery-item\">\n<dt class=\"gallery-icon\">\r\n<a href=\"https:\/\/www.feuerwehr-ibbenbueren.de\/wp-content\/uploads\/2026\/08\/WhatsApp-Image-2026-08-30-at-17.57.18.jpeg\" title=\"\" rel=\"gallery1\"><img loading=\"lazy\" decoding=\"async\" src=\"https:\/\/www.feuerwehr-ibbenbueren.de\/wp-content\/uploads\/2026\/08\/WhatsApp-Image-2026-08-30-at-17.57.18-150x150.jpeg\" width=\"150\" height=\"150\" alt=\"\" \/><\/a>\r\n<\/dt><\/dl><dl class=\"gallery-item\">\n<dt class=\"gallery-icon\">\r\n<a href=\"https:\/\/www.feuerwehr-ibbenbueren.de\/wp-content\/uploads\/2026\/08\/WhatsApp-Image-2026-08-30-at-15.22.35.jpeg\" title=\"\" rel=\"gallery1\"><img loading=\"lazy\" decoding=\"async\" src=\"https:\/\/www.feuerwehr-ibbenbueren.de\/wp-content\/uploads\/2026\/08\/WhatsApp-Image-2026-08-30-at-15.22.35-150x150.jpeg\" width=\"150\" height=\"150\" alt=\"\" \/><\/a>\r\n<\/dt><\/dl><dl class=\"gallery-item\">\n<dt class=\"gallery-icon\">\r\n<a href=\"https:\/\/www.feuerwehr-ibbenbueren.de\/wp-content\/uploads\/2026\/08\/WhatsApp-Image-2026-08-30-at-15.22.42.jpeg\" title=\"\" rel=\"gallery1\"><img loading=\"lazy\" decoding=\"async\" src=\"https:\/\/www.feuerwehr-ibbenbueren.de\/wp-content\/uploads\/2026\/08\/WhatsApp-Image-2026-08-30-at-15.22.42-150x150.jpeg\" width=\"150\" height=\"150\" alt=\"\" \/><\/a>\r\n<\/dt><\/dl><dl class=\"gallery-item\">\n<dt class=\"gallery-icon\">\r\n<a href=\"https:\/\/www.feuerwehr-ibbenbueren.de\/wp-content\/uploads\/2026\/08\/WhatsApp-Image-2026-08-30-at-17.49.50-1.jpeg\" title=\"\" rel=\"gallery1\"><img loading=\"lazy\" decoding=\"async\" src=\"https:\/\/www.feuerwehr-ibbenbueren.de\/wp-content\/uploads\/2026\/08\/WhatsApp-Image-2026-08-30-at-17.49.50-1-150x150.jpeg\" width=\"150\" height=\"150\" alt=\"\" \/><\/a>\r\n<\/dt><\/dl><br style=\"clear: both\" \/><dl class=\"gallery-item\">\n<dt class=\"gallery-icon\">\r\n<a href=\"https:\/\/www.feuerwehr-ibbenbueren.de\/wp-content\/uploads\/2026\/08\/WhatsApp-Image-2026-08-30-at-17.49.50.jpeg\" title=\"\" rel=\"gallery1\"><img loading=\"lazy\" decoding=\"async\" src=\"https:\/\/www.feuerwehr-ibbenbueren.de\/wp-content\/uploads\/2026\/08\/WhatsApp-Image-2026-08-30-at-17.49.50-150x150.jpeg\" width=\"150\" height=\"150\" alt=\"\" \/><\/a>\r\n<\/dt><\/dl><dl class=\"gallery-item\">\n<dt class=\"gallery-icon\">\r\n<a href=\"https:\/\/www.feuerwehr-ibbenbueren.de\/wp-content\/uploads\/2026\/08\/WhatsApp-Image-2026-08-30-at-15.43.47-scaled.jpeg\" title=\"\" rel=\"gallery1\"><img loading=\"lazy\" decoding=\"async\" src=\"https:\/\/www.feuerwehr-ibbenbueren.de\/wp-content\/uploads\/2026\/08\/WhatsApp-Image-2026-08-30-at-15.43.47-150x150.jpeg\" width=\"150\" height=\"150\" alt=\"\" \/><\/a>\r\n<\/dt><\/dl><dl class=\"gallery-item\">\n<dt class=\"gallery-icon\">\r\n<a href=\"https:\/\/www.feuerwehr-ibbenbueren.de\/wp-content\/uploads\/2026\/08\/WhatsApp-Image-2026-08-30-at-15.43.46-scaled.jpeg\" title=\"\" rel=\"gallery1\"><img loading=\"lazy\" decoding=\"async\" src=\"https:\/\/www.feuerwehr-ibbenbueren.de\/wp-content\/uploads\/2026\/08\/WhatsApp-Image-2026-08-30-at-15.43.46-150x150.jpeg\" width=\"150\" height=\"150\" alt=\"\" \/><\/a>\r\n<\/dt><\/dl><dl class=\"gallery-item\">\n<dt class=\"gallery-icon\">\r\n<a href=\"https:\/\/www.feuerwehr-ibbenbueren.de\/wp-content\/uploads\/2026\/08\/WhatsApp-Image-2026-08-30-at-15.43.44-scaled.jpeg\" title=\"\" rel=\"gallery1\"><img loading=\"lazy\" decoding=\"async\" src=\"https:\/\/www.feuerwehr-ibbenbueren.de\/wp-content\/uploads\/2026\/08\/WhatsApp-Image-2026-08-30-at-15.43.44-150x150.jpeg\" width=\"150\" height=\"150\" alt=\"\" \/><\/a>\r\n<\/dt><\/dl><br style=\"clear: both\" \/>\r\n\t\t<\/div>\n\n<\/div>\n<div class=\"mt_right\">\n<p>&nbsp;<\/p>\n<\/div>\n<\/div>\n<p>&nbsp;<\/p>\n<\/div>\n","protected":false},"excerpt":{"rendered":"<p>Am Sonntag, dem 30.08.2026, fand der 43. Riesenbecker Triathlon am Torfmoorsee statt. Von der Feuerwehr Ibbenb\u00fcren nahmen acht Kameradinnen und Kameraden aus den L\u00f6schz\u00fcgen Stadtmitte sowie der hauptamtlichen Wache teil.<\/p>\n","protected":false},"author":163,"featured_media":43220,"comment_status":"closed","ping_status":"closed","sticky":false,"template":"","format":"standard","meta":{"footnotes":""},"categories":[10,8],"tags":[647,165,581,119,582,580],"class_list":["post-43216","post","type-post","status-publish","format-standard","has-post-thumbnail","hentry","category-alle-beitraege","category-information","tag-647","tag-alle-loeschzuege","tag-hoerstel","tag-information","tag-riesenbeck","tag-torfmoorsee-triathlon"],"_links":{"self":[{"href":"https:\/\/www.feuerwehr-ibbenbueren.de\/index.php?rest_route=\/wp\/v2\/posts\/43216","targetHints":{"allow":["GET"]}}],"collection":[{"href":"https:\/\/www.feuerwehr-ibbenbueren.de\/index.php?rest_route=\/wp\/v2\/posts"}],"about":[{"href":"https:\/\/www.feuerwehr-ibbenbueren.de\/index.php?rest_route=\/wp\/v2\/types\/post"}],"author":[{"embeddable":true,"href":"https:\/\/www.feuerwehr-ibbenbueren.de\/index.php?rest_route=\/wp\/v2\/users\/163"}],"replies":[{"embeddable":true,"href":"https:\/\/www.feuerwehr-ibbenbueren.de\/index.php?rest_route=%2Fwp%2Fv2%2Fcomments&post=43216"}],"version-history":[{"count":8,"href":"https:\/\/www.feuerwehr-ibbenbueren.de\/index.php?rest_route=\/wp\/v2\/posts\/43216\/revisions"}],"predecessor-version":[{"id":43247,"href":"https:\/\/www.feuerwehr-ibbenbueren.de\/index.php?rest_route=\/wp\/v2\/posts\/43216\/revisions\/43247"}],"wp:featuredmedia":[{"embeddable":true,"href":"https:\/\/www.feuerwehr-ibbenbueren.de\/index.php?rest_route=\/wp\/v2\/media\/43220"}],"wp:attachment":[{"href":"https:\/\/www.feuerwehr-ibbenbueren.de\/index.php?rest_route=%2Fwp%2Fv2%2Fmedia&parent=43216"}],"wp:term":[{"taxonomy":"category","embeddable":true,"href":"https:\/\/www.feuerwehr-ibbenbueren.de\/index.php?rest_route=%2Fwp%2Fv2%2Fcategories&post=43216"},{"taxonomy":"post_tag","embeddable":true,"href":"https:\/\/www.feuerwehr-ibbenbueren.de\/index.php?rest_route=%2Fwp%2Fv2%2Ftags&post=43216"}],"curies":[{"name":"wp","href":"https:\/\/api.w.org\/{rel}","templated":true}]}}