{"id":4632,"date":"2016-01-18T04:39:24","date_gmt":"2016-01-18T03:39:24","guid":{"rendered":"http:\/\/www.feuerwehr-ibbenbueren.de\/?p=4632"},"modified":"2016-01-19T14:05:18","modified_gmt":"2016-01-19T13:05:18","slug":"verkehrsunfall-eingeklemmtep-10-4-2-2-5","status":"publish","type":"post","link":"https:\/\/www.feuerwehr-ibbenbueren.de\/?p=4632","title":{"rendered":"\u00dcber\u00f6rtliche Hilfe: Gro\u00dfbrand Saerbeck"},"content":{"rendered":"<p><strong>Einsatzbericht:\u00a0<\/strong> Zu einem Brand eines Gewerbebetriebes wurde die\u00a0Feuerwehr Saerbeck\u00a0in der Nacht zum Montag gerufen. Ein ca. 2.000 qm\u00b2 gro\u00dfer Teilbereich einer Halle<!--more--><br \/>\nstand bei eintreffen der Einsatzkr\u00e4fte bereits im Vollbrand. Im Verlauf des Einsatzes wurde zur Versorgung der Einsatzkr\u00e4fte mit Atemschutzbedarf\u00a0\u00a0der Ger\u00e4tewagen Atemschutz aus Ibbenb\u00fcren angefordert.<\/p>\n<p><a href=\"http:\/\/www.feuerwehr-saerbeck.de\/aktuelles\/einsaetze\/512-20160118-lagerhalle-2\" target=\"_blank\">Link zum Onlinebericht der Feuerwehr Saerbeck<\/a><\/p>\n<p><a href=\"http:\/\/www.ivz-aktuell.de\/lokales\/kreis-steinfurt_artikel,-Halle-in-Saerbeck-abgebrannt-_arid,541832.html\" target=\"_blank\">Link zum Onlinebericht der IVZ-aktuell<\/a><\/p>\n<p><a href=\"http:\/\/www.nord-west-media.de\/index.php?article_id=2&amp;news=7548\" target=\"_blank\">Link zum Onlinebericht bei Nord-West-Media TV<\/a><\/p>\n<p>&nbsp;<\/p>\n","protected":false},"excerpt":{"rendered":"<p>Einsatzbericht:\u00a0 Zu einem Brand eines Gewerbebetriebes wurde die\u00a0Feuerwehr Saerbeck\u00a0in der Nacht zum Montag gerufen. Ein ca. 2.000 qm\u00b2 gro\u00dfer Teilbereich einer Halle<\/p>\n","protected":false},"author":8,"featured_media":3109,"comment_status":"open","ping_status":"open","sticky":false,"template":"","format":"standard","meta":{"footnotes":""},"categories":[10,5],"tags":[71,196,168],"class_list":["post-4632","post","type-post","status-publish","format-standard","has-post-thumbnail","hentry","category-alle-beitraege","category-einsaetze","tag-feuer","tag-nur-dienstbetrieb-2016","tag-ueberoertliche-hilfe"],"_links":{"self":[{"href":"https:\/\/www.feuerwehr-ibbenbueren.de\/index.php?rest_route=\/wp\/v2\/posts\/4632","targetHints":{"allow":["GET"]}}],"collection":[{"href":"https:\/\/www.feuerwehr-ibbenbueren.de\/index.php?rest_route=\/wp\/v2\/posts"}],"about":[{"href":"https:\/\/www.feuerwehr-ibbenbueren.de\/index.php?rest_route=\/wp\/v2\/types\/post"}],"author":[{"embeddable":true,"href":"https:\/\/www.feuerwehr-ibbenbueren.de\/index.php?rest_route=\/wp\/v2\/users\/8"}],"replies":[{"embeddable":true,"href":"https:\/\/www.feuerwehr-ibbenbueren.de\/index.php?rest_route=%2Fwp%2Fv2%2Fcomments&post=4632"}],"version-history":[{"count":6,"href":"https:\/\/www.feuerwehr-ibbenbueren.de\/index.php?rest_route=\/wp\/v2\/posts\/4632\/revisions"}],"predecessor-version":[{"id":4656,"href":"https:\/\/www.feuerwehr-ibbenbueren.de\/index.php?rest_route=\/wp\/v2\/posts\/4632\/revisions\/4656"}],"wp:featuredmedia":[{"embeddable":true,"href":"https:\/\/www.feuerwehr-ibbenbueren.de\/index.php?rest_route=\/wp\/v2\/media\/3109"}],"wp:attachment":[{"href":"https:\/\/www.feuerwehr-ibbenbueren.de\/index.php?rest_route=%2Fwp%2Fv2%2Fmedia&parent=4632"}],"wp:term":[{"taxonomy":"category","embeddable":true,"href":"https:\/\/www.feuerwehr-ibbenbueren.de\/index.php?rest_route=%2Fwp%2Fv2%2Fcategories&post=4632"},{"taxonomy":"post_tag","embeddable":true,"href":"https:\/\/www.feuerwehr-ibbenbueren.de\/index.php?rest_route=%2Fwp%2Fv2%2Ftags&post=4632"}],"curies":[{"name":"wp","href":"https:\/\/api.w.org\/{rel}","templated":true}]}}