{"id":4711,"date":"2016-01-20T11:47:01","date_gmt":"2016-01-20T10:47:01","guid":{"rendered":"http:\/\/www.feuerwehr-ibbenbueren.de\/?p=4711"},"modified":"2016-01-21T12:36:38","modified_gmt":"2016-01-21T11:36:38","slug":"verkehrsunfall-eingeklemmtep-10-4-2-2-5-2","status":"publish","type":"post","link":"https:\/\/www.feuerwehr-ibbenbueren.de\/?p=4711","title":{"rendered":"\u00dcber\u00f6rtliche Hilfe: Gro\u00dfbrand Hopsten-Schale"},"content":{"rendered":"<p><strong>Einsatzbericht:\u00a0<\/strong> Zum Brand eines\u00a0S\u00e4gewerkes wurde am Mittwochmittag der Dienstbetrieb der Feuerwehr Ibbenb\u00fcren mit der Drehleiter und dem Ger\u00e4tewagen Atemschutz angefordert.<!--more--><\/p>\n<p>Vom Korb der Drehleiter aus wurde ein Wenderohr eingesetzt und der Ger\u00e4tewagen Atemschutz versorgte die Einsatzkr\u00e4fte mit Atemschutzbedarf.<\/p>\n<p><a href=\"http:\/\/www.ivz-aktuell.de\/lokales\/hopsten_artikel,-Saegewerk-in-Schale-in-Brand-geraten-_arid,542508.html\" target=\"_blank\">Link zum Onlinebericht der IVZ-aktuell mit Videobeitrag<\/a><\/p>\n<p>Bild mit freundlicher Genehmigung der IVZ<\/p>\n<p>&nbsp;<\/p>\n","protected":false},"excerpt":{"rendered":"<p>Einsatzbericht:\u00a0 Zum Brand eines\u00a0S\u00e4gewerkes wurde am Mittwochmittag der Dienstbetrieb der Feuerwehr Ibbenb\u00fcren mit der Drehleiter und dem Ger\u00e4tewagen Atemschutz angefordert.<\/p>\n","protected":false},"author":8,"featured_media":4715,"comment_status":"open","ping_status":"open","sticky":false,"template":"","format":"standard","meta":{"footnotes":""},"categories":[10,5],"tags":[71,196,168],"class_list":["post-4711","post","type-post","status-publish","format-standard","has-post-thumbnail","hentry","category-alle-beitraege","category-einsaetze","tag-feuer","tag-nur-dienstbetrieb-2016","tag-ueberoertliche-hilfe"],"_links":{"self":[{"href":"https:\/\/www.feuerwehr-ibbenbueren.de\/index.php?rest_route=\/wp\/v2\/posts\/4711","targetHints":{"allow":["GET"]}}],"collection":[{"href":"https:\/\/www.feuerwehr-ibbenbueren.de\/index.php?rest_route=\/wp\/v2\/posts"}],"about":[{"href":"https:\/\/www.feuerwehr-ibbenbueren.de\/index.php?rest_route=\/wp\/v2\/types\/post"}],"author":[{"embeddable":true,"href":"https:\/\/www.feuerwehr-ibbenbueren.de\/index.php?rest_route=\/wp\/v2\/users\/8"}],"replies":[{"embeddable":true,"href":"https:\/\/www.feuerwehr-ibbenbueren.de\/index.php?rest_route=%2Fwp%2Fv2%2Fcomments&post=4711"}],"version-history":[{"count":5,"href":"https:\/\/www.feuerwehr-ibbenbueren.de\/index.php?rest_route=\/wp\/v2\/posts\/4711\/revisions"}],"predecessor-version":[{"id":4770,"href":"https:\/\/www.feuerwehr-ibbenbueren.de\/index.php?rest_route=\/wp\/v2\/posts\/4711\/revisions\/4770"}],"wp:featuredmedia":[{"embeddable":true,"href":"https:\/\/www.feuerwehr-ibbenbueren.de\/index.php?rest_route=\/wp\/v2\/media\/4715"}],"wp:attachment":[{"href":"https:\/\/www.feuerwehr-ibbenbueren.de\/index.php?rest_route=%2Fwp%2Fv2%2Fmedia&parent=4711"}],"wp:term":[{"taxonomy":"category","embeddable":true,"href":"https:\/\/www.feuerwehr-ibbenbueren.de\/index.php?rest_route=%2Fwp%2Fv2%2Fcategories&post=4711"},{"taxonomy":"post_tag","embeddable":true,"href":"https:\/\/www.feuerwehr-ibbenbueren.de\/index.php?rest_route=%2Fwp%2Fv2%2Ftags&post=4711"}],"curies":[{"name":"wp","href":"https:\/\/api.w.org\/{rel}","templated":true}]}}