{"id":5003,"date":"2016-01-25T14:41:49","date_gmt":"2016-01-25T13:41:49","guid":{"rendered":"http:\/\/www.feuerwehr-ibbenbueren.de\/?p=5003"},"modified":"2016-01-25T23:18:35","modified_gmt":"2016-01-25T22:18:35","slug":"kleinbrand-2-2-4-3-3-2-2-3","status":"publish","type":"post","link":"https:\/\/www.feuerwehr-ibbenbueren.de\/?p=5003","title":{"rendered":"Kleinbrand, brennt Tanne"},"content":{"rendered":"<p><strong>Einsatzbericht:\u00a0<\/strong>Zu einem Kleinbrand wurde der\u00a0Dienstbetrieb alarmiert.\u00a0<!--more-->Bei Eintreffen brannte ein Komposthaufen an einem Holzhaus,\u00a0wo das Feuer schon auf eine\u00a0Tanne \u00fcbergegriffen hatte. Nachbarn hatten schon mit dem L\u00f6schen begonnen, so dass die Feuerwehr nur noch kleine Nachl\u00f6scharbeiten durchf\u00fchrte. Mit der W\u00e4rmebildkamera wurde im Anschluss noch die Seitenfront des Holzhauses nach W\u00e4rmequellen abgesucht.<\/p>\n<p>&nbsp;<\/p>\n<p>&nbsp;<\/p>\n","protected":false},"excerpt":{"rendered":"<p>Einsatzbericht:\u00a0Zu einem Kleinbrand wurde der\u00a0Dienstbetrieb alarmiert.\u00a0<\/p>\n","protected":false},"author":8,"featured_media":1831,"comment_status":"open","ping_status":"open","sticky":false,"template":"","format":"standard","meta":{"footnotes":""},"categories":[10,5],"tags":[71,196],"class_list":["post-5003","post","type-post","status-publish","format-standard","has-post-thumbnail","hentry","category-alle-beitraege","category-einsaetze","tag-feuer","tag-nur-dienstbetrieb-2016"],"_links":{"self":[{"href":"https:\/\/www.feuerwehr-ibbenbueren.de\/index.php?rest_route=\/wp\/v2\/posts\/5003","targetHints":{"allow":["GET"]}}],"collection":[{"href":"https:\/\/www.feuerwehr-ibbenbueren.de\/index.php?rest_route=\/wp\/v2\/posts"}],"about":[{"href":"https:\/\/www.feuerwehr-ibbenbueren.de\/index.php?rest_route=\/wp\/v2\/types\/post"}],"author":[{"embeddable":true,"href":"https:\/\/www.feuerwehr-ibbenbueren.de\/index.php?rest_route=\/wp\/v2\/users\/8"}],"replies":[{"embeddable":true,"href":"https:\/\/www.feuerwehr-ibbenbueren.de\/index.php?rest_route=%2Fwp%2Fv2%2Fcomments&post=5003"}],"version-history":[{"count":6,"href":"https:\/\/www.feuerwehr-ibbenbueren.de\/index.php?rest_route=\/wp\/v2\/posts\/5003\/revisions"}],"predecessor-version":[{"id":5011,"href":"https:\/\/www.feuerwehr-ibbenbueren.de\/index.php?rest_route=\/wp\/v2\/posts\/5003\/revisions\/5011"}],"wp:featuredmedia":[{"embeddable":true,"href":"https:\/\/www.feuerwehr-ibbenbueren.de\/index.php?rest_route=\/wp\/v2\/media\/1831"}],"wp:attachment":[{"href":"https:\/\/www.feuerwehr-ibbenbueren.de\/index.php?rest_route=%2Fwp%2Fv2%2Fmedia&parent=5003"}],"wp:term":[{"taxonomy":"category","embeddable":true,"href":"https:\/\/www.feuerwehr-ibbenbueren.de\/index.php?rest_route=%2Fwp%2Fv2%2Fcategories&post=5003"},{"taxonomy":"post_tag","embeddable":true,"href":"https:\/\/www.feuerwehr-ibbenbueren.de\/index.php?rest_route=%2Fwp%2Fv2%2Ftags&post=5003"}],"curies":[{"name":"wp","href":"https:\/\/api.w.org\/{rel}","templated":true}]}}