{"id":5042,"date":"2016-01-29T05:27:44","date_gmt":"2016-01-29T04:27:44","guid":{"rendered":"http:\/\/www.feuerwehr-ibbenbueren.de\/?p=5042"},"modified":"2016-01-29T18:04:15","modified_gmt":"2016-01-29T17:04:15","slug":"betriebsstoffe-aufnehmen-3-2-3-3-3-3-2-3-12-3-2-2-4-2-2-3-4-2","status":"publish","type":"post","link":"https:\/\/www.feuerwehr-ibbenbueren.de\/?p=5042","title":{"rendered":"Wasserrohrbruch"},"content":{"rendered":"<p><strong>Einsatzbericht:<\/strong>\u00a0 Zu einem Wasserrohrbruch wurde der Dienstbetrieb am Freitagmorgen alarmiert. Auf der Gro\u00dfen Stra\u00dfe, in der Fu\u00dfg\u00e4ngerzone, sprudelte warmes Wasser aus dem Untergrund.<\/p>\n<p><!--more--><\/p>\n<p>Der Bereich um die defekte Fernw\u00e4rmeleitung wurde abgesperrt und der zust\u00e4ndige Versorger informiert. Die Einsatzstelle wurde der Polizei \u00fcbergeben.<\/p>\n<p>&nbsp;<\/p>\n","protected":false},"excerpt":{"rendered":"<p>Einsatzbericht:\u00a0 Zu einem Wasserrohrbruch wurde der Dienstbetrieb am Freitagmorgen alarmiert. Auf der Gro\u00dfen Stra\u00dfe, in der Fu\u00dfg\u00e4ngerzone, sprudelte warmes Wasser aus dem Untergrund.<\/p>\n","protected":false},"author":7,"featured_media":3024,"comment_status":"open","ping_status":"open","sticky":false,"template":"","format":"standard","meta":{"footnotes":""},"categories":[10,5],"tags":[196,73,206],"class_list":["post-5042","post","type-post","status-publish","format-standard","has-post-thumbnail","hentry","category-alle-beitraege","category-einsaetze","tag-nur-dienstbetrieb-2016","tag-th","tag-wasserrohrbruch"],"_links":{"self":[{"href":"https:\/\/www.feuerwehr-ibbenbueren.de\/index.php?rest_route=\/wp\/v2\/posts\/5042","targetHints":{"allow":["GET"]}}],"collection":[{"href":"https:\/\/www.feuerwehr-ibbenbueren.de\/index.php?rest_route=\/wp\/v2\/posts"}],"about":[{"href":"https:\/\/www.feuerwehr-ibbenbueren.de\/index.php?rest_route=\/wp\/v2\/types\/post"}],"author":[{"embeddable":true,"href":"https:\/\/www.feuerwehr-ibbenbueren.de\/index.php?rest_route=\/wp\/v2\/users\/7"}],"replies":[{"embeddable":true,"href":"https:\/\/www.feuerwehr-ibbenbueren.de\/index.php?rest_route=%2Fwp%2Fv2%2Fcomments&post=5042"}],"version-history":[{"count":3,"href":"https:\/\/www.feuerwehr-ibbenbueren.de\/index.php?rest_route=\/wp\/v2\/posts\/5042\/revisions"}],"predecessor-version":[{"id":5049,"href":"https:\/\/www.feuerwehr-ibbenbueren.de\/index.php?rest_route=\/wp\/v2\/posts\/5042\/revisions\/5049"}],"wp:featuredmedia":[{"embeddable":true,"href":"https:\/\/www.feuerwehr-ibbenbueren.de\/index.php?rest_route=\/wp\/v2\/media\/3024"}],"wp:attachment":[{"href":"https:\/\/www.feuerwehr-ibbenbueren.de\/index.php?rest_route=%2Fwp%2Fv2%2Fmedia&parent=5042"}],"wp:term":[{"taxonomy":"category","embeddable":true,"href":"https:\/\/www.feuerwehr-ibbenbueren.de\/index.php?rest_route=%2Fwp%2Fv2%2Fcategories&post=5042"},{"taxonomy":"post_tag","embeddable":true,"href":"https:\/\/www.feuerwehr-ibbenbueren.de\/index.php?rest_route=%2Fwp%2Fv2%2Ftags&post=5042"}],"curies":[{"name":"wp","href":"https:\/\/api.w.org\/{rel}","templated":true}]}}