{"id":5804,"date":"2016-04-14T18:46:48","date_gmt":"2016-04-14T16:46:48","guid":{"rendered":"http:\/\/www.feuerwehr-ibbenbueren.de\/?p=5804"},"modified":"2016-04-15T15:05:42","modified_gmt":"2016-04-15T13:05:42","slug":"kleinbrand-2-2-4-3-3-2-2-2-3-2-3-copy-copy-copy-copy","status":"publish","type":"post","link":"https:\/\/www.feuerwehr-ibbenbueren.de\/?p=5804","title":{"rendered":"Sonstiger Einsatz"},"content":{"rendered":"<p><strong>Einsatzbericht:<\/strong> Geplatzter Farbeimer am Heidenturm<!--more--><\/p>\n<p>Ein Mitb\u00fcrger hatte bei einem Discounter mehrere 15-l-Farbeimer gekauft. Beim Verstauen der Ware in seinen PKW war ihm ein Eimer aus der Hand gefallen und \u00fcber einem Gully aufgeplatzt. Die Feuerwehr verhinderte weiteres Eindringen der Farbe in den Gully mittels \u00d6lbindemittel und streute die Einsatzstelle ab. Anschlie\u00dfend wurde die Einsatzstelle dem Bibb \u00fcbergeben.<\/p>\n<p>&nbsp;<\/p>\n","protected":false},"excerpt":{"rendered":"<p>Einsatzbericht: Geplatzter Farbeimer am Heidenturm<\/p>\n","protected":false},"author":8,"featured_media":3026,"comment_status":"open","ping_status":"open","sticky":false,"template":"","format":"standard","meta":{"footnotes":""},"categories":[10,5],"tags":[196,195],"class_list":["post-5804","post","type-post","status-publish","format-standard","has-post-thumbnail","hentry","category-alle-beitraege","category-einsaetze","tag-nur-dienstbetrieb-2016","tag-sonstige"],"_links":{"self":[{"href":"https:\/\/www.feuerwehr-ibbenbueren.de\/index.php?rest_route=\/wp\/v2\/posts\/5804","targetHints":{"allow":["GET"]}}],"collection":[{"href":"https:\/\/www.feuerwehr-ibbenbueren.de\/index.php?rest_route=\/wp\/v2\/posts"}],"about":[{"href":"https:\/\/www.feuerwehr-ibbenbueren.de\/index.php?rest_route=\/wp\/v2\/types\/post"}],"author":[{"embeddable":true,"href":"https:\/\/www.feuerwehr-ibbenbueren.de\/index.php?rest_route=\/wp\/v2\/users\/8"}],"replies":[{"embeddable":true,"href":"https:\/\/www.feuerwehr-ibbenbueren.de\/index.php?rest_route=%2Fwp%2Fv2%2Fcomments&post=5804"}],"version-history":[{"count":8,"href":"https:\/\/www.feuerwehr-ibbenbueren.de\/index.php?rest_route=\/wp\/v2\/posts\/5804\/revisions"}],"predecessor-version":[{"id":5813,"href":"https:\/\/www.feuerwehr-ibbenbueren.de\/index.php?rest_route=\/wp\/v2\/posts\/5804\/revisions\/5813"}],"wp:featuredmedia":[{"embeddable":true,"href":"https:\/\/www.feuerwehr-ibbenbueren.de\/index.php?rest_route=\/wp\/v2\/media\/3026"}],"wp:attachment":[{"href":"https:\/\/www.feuerwehr-ibbenbueren.de\/index.php?rest_route=%2Fwp%2Fv2%2Fmedia&parent=5804"}],"wp:term":[{"taxonomy":"category","embeddable":true,"href":"https:\/\/www.feuerwehr-ibbenbueren.de\/index.php?rest_route=%2Fwp%2Fv2%2Fcategories&post=5804"},{"taxonomy":"post_tag","embeddable":true,"href":"https:\/\/www.feuerwehr-ibbenbueren.de\/index.php?rest_route=%2Fwp%2Fv2%2Ftags&post=5804"}],"curies":[{"name":"wp","href":"https:\/\/api.w.org\/{rel}","templated":true}]}}