{"id":5841,"date":"2016-04-21T20:19:23","date_gmt":"2016-04-21T18:19:23","guid":{"rendered":"http:\/\/www.feuerwehr-ibbenbueren.de\/?p=5841"},"modified":"2016-04-21T21:48:16","modified_gmt":"2016-04-21T19:48:16","slug":"kleinbrand-2-2-4-3-3-2-2-2-3-2-3-copy-copy-copy-copy-copy-2","status":"publish","type":"post","link":"https:\/\/www.feuerwehr-ibbenbueren.de\/?p=5841","title":{"rendered":"Amtshilfe"},"content":{"rendered":"<p><strong>Einsatzbericht:<\/strong> Im Hafen Uffeln wurde eine Granate gefunden. Der Dienstbetrieb unterst\u00fctzte<!--more--> die Absperrma\u00dfnahmen des Ordnungsamtes. Bis zum Eintreffen des Kampfmittelr\u00e4umdienstes verblieb der Dienstbetrieb an der Einsatzstelle und sicherte diese. Der Kampfmittelr\u00e4umdienst hat die Granate sichergestellt und mitgenommen.<\/p>\n<p>&nbsp;<\/p>\n<p>&nbsp;<\/p>\n","protected":false},"excerpt":{"rendered":"<p>Einsatzbericht: Im Hafen Uffeln wurde eine Granate gefunden. Der Dienstbetrieb unterst\u00fctzte<\/p>\n","protected":false},"author":7,"featured_media":3026,"comment_status":"open","ping_status":"open","sticky":false,"template":"","format":"standard","meta":{"footnotes":""},"categories":[10,5],"tags":[121,196,73],"class_list":["post-5841","post","type-post","status-publish","format-standard","has-post-thumbnail","hentry","category-alle-beitraege","category-einsaetze","tag-amtshilfe","tag-nur-dienstbetrieb-2016","tag-th"],"_links":{"self":[{"href":"https:\/\/www.feuerwehr-ibbenbueren.de\/index.php?rest_route=\/wp\/v2\/posts\/5841","targetHints":{"allow":["GET"]}}],"collection":[{"href":"https:\/\/www.feuerwehr-ibbenbueren.de\/index.php?rest_route=\/wp\/v2\/posts"}],"about":[{"href":"https:\/\/www.feuerwehr-ibbenbueren.de\/index.php?rest_route=\/wp\/v2\/types\/post"}],"author":[{"embeddable":true,"href":"https:\/\/www.feuerwehr-ibbenbueren.de\/index.php?rest_route=\/wp\/v2\/users\/7"}],"replies":[{"embeddable":true,"href":"https:\/\/www.feuerwehr-ibbenbueren.de\/index.php?rest_route=%2Fwp%2Fv2%2Fcomments&post=5841"}],"version-history":[{"count":3,"href":"https:\/\/www.feuerwehr-ibbenbueren.de\/index.php?rest_route=\/wp\/v2\/posts\/5841\/revisions"}],"predecessor-version":[{"id":5844,"href":"https:\/\/www.feuerwehr-ibbenbueren.de\/index.php?rest_route=\/wp\/v2\/posts\/5841\/revisions\/5844"}],"wp:featuredmedia":[{"embeddable":true,"href":"https:\/\/www.feuerwehr-ibbenbueren.de\/index.php?rest_route=\/wp\/v2\/media\/3026"}],"wp:attachment":[{"href":"https:\/\/www.feuerwehr-ibbenbueren.de\/index.php?rest_route=%2Fwp%2Fv2%2Fmedia&parent=5841"}],"wp:term":[{"taxonomy":"category","embeddable":true,"href":"https:\/\/www.feuerwehr-ibbenbueren.de\/index.php?rest_route=%2Fwp%2Fv2%2Fcategories&post=5841"},{"taxonomy":"post_tag","embeddable":true,"href":"https:\/\/www.feuerwehr-ibbenbueren.de\/index.php?rest_route=%2Fwp%2Fv2%2Ftags&post=5841"}],"curies":[{"name":"wp","href":"https:\/\/api.w.org\/{rel}","templated":true}]}}