{"id":6034,"date":"2016-05-21T09:33:53","date_gmt":"2016-05-21T07:33:53","guid":{"rendered":"http:\/\/www.feuerwehr-ibbenbueren.de\/?p=6034"},"modified":"2016-05-24T06:51:27","modified_gmt":"2016-05-24T04:51:27","slug":"kleinbrand-2-2-4-3-3-2-2-2-3-2-4-3-2-2-copy-2-copy-copy","status":"publish","type":"post","link":"https:\/\/www.feuerwehr-ibbenbueren.de\/?p=6034","title":{"rendered":"Notfall\u00fcbung: FMO 3 Feuerwehr &#8211; Zusammensto\u00df Flugzeug\/Bus"},"content":{"rendered":"<p><strong>Einsatzbericht:\u00a0<\/strong>Am Samstag, dem 21.5.2016, wurde die Feuerwehr Ibbenb\u00fcren im Rahmen der \u00fcber\u00f6rtlichen Hilfe zu einer Notfall\u00fcbung am FMO Flughafen M\u00fcnster\/Osnabr\u00fcck alarmiert.<!--more--> Solche \u00dcbungen sind f\u00fcr alle internationalen Verkehrsflugh\u00e4fen vorgeschrieben und finden alle zwei Jahre statt, um die Zusammenarbeit aller Rettungskr\u00e4fte und beteiligten Organisationen zu trainieren.<\/p>\n<p>Angenommene Lage war, dass ein mit 50 Personen besetzter Bus auf dem Vorfeld mit einem Flugzeug kollidiert, in dem sich 70 Flugg\u00e4ste befinden. Ein Vorfeldfahrzeug des Airports ist ebenfalls beteiligt, zwei Insassen sind hier betroffen. \u00a0Die Businsassen werden zum Teil schwer verletzt, die zwei Mitarbeiter im Vorfeldfahrzeug kommen ums Leben, die Passagiere im Flugzeug werden nur leicht\u00a0oder gar nicht\u00a0verletzt.<\/p>\n<p>Die Kr\u00e4fte der Flughafenfeuerwehr werden bei solch einem Einsatz planm\u00e4\u00dfig und sehr umfangreich von den Feuerwehren, Rettungsdiensten und Hilfsorganisationen aus den nahen St\u00e4dten und Gemeinden unterst\u00fctzt.<\/p>\n<p>&#8222;FMO 3 Feuerwehr&#8220; war dann auch um 9.33 Uhr das Alarmstichwort f\u00fcr die Kr\u00e4fte aus den L\u00f6schz\u00fcgen Stadtmitte 1 und 2 sowie D\u00f6renthe, die daraufhin ihre f\u00fcr solch einen Fall geplanten Aufgaben in Angriff nahmen:<\/p>\n<p>Nach der Anfahrt zum FMO arbeiten das\u00a0TLF4000 und der SW2000 im Einsatzabschnitt &#8222;Wasserversorgung&#8220;, bei der Brandbek\u00e4mpfung. Die anderen\u00a0geplanten Kr\u00e4fte aus Ibbenb\u00fcren bilden mit dem ELW1, GW-Atemschutz, WLF-Mulde (beladen mit Kraftstoffen), dem GW-Logistik (DekonP) sowie zwei MTFs den Einsatzabschnitt &#8222;Logistik&#8220;, unterst\u00fctzt durch je einen GW-Logistik 2 aus Emsdetten und Nordwalde.<\/p>\n<p>In diesem Jahr lag der allgemeine \u00dcbungsschwerpunkt auf der Brandbek\u00e4mpfung und Patientenversorgung. Der Einsatzabschnitt Logistik wurde zum\u00a0Schaummittel- und Getr\u00e4nketransport, sowie zur Unterst\u00fctzung bei einer Personensuche eingesetzt.<\/p>\n<p>An der \u00dcbung waren insgesamt\u00a0mehr als\u00a01.100 Personen mit etwa 200 Fahrzeugen beteiligt. Der Betrieb des Flughafens lief w\u00e4hrend der \u00dcbung weiter.<\/p>\n\n\t\t<div id='gallery-1' class='gallery galleryid-6034 gallery-columns-4 gallery-size-thumbnail gallery1'><script type=\"text\/javascript\">\r\n\/\/ <![CDATA[\r\n\tjQuery(document).ready(function () {\r\n\t\tjQuery(\".gallery1 a\").attr(\"rel\",\"gallery1\");\t\r\n\t\tjQuery('a[rel=\"gallery1\"]').colorbox({maxWidth:\"95%\", maxHeight:\"95%\",title: function(){ return jQuery(this).children().attr(\"alt\"); }, });\r\n\t});\r\n\/\/ ]]>\r\n<\/script>\n<dl class=\"gallery-item\">\n<dt class=\"gallery-icon\">\r\n<a href=\"https:\/\/www.feuerwehr-ibbenbueren.de\/wp-content\/uploads\/2016\/05\/FMO_20160521_01.jpg\" title=\"\" rel=\"gallery1\"><img loading=\"lazy\" decoding=\"async\" src=\"https:\/\/www.feuerwehr-ibbenbueren.de\/wp-content\/uploads\/2016\/05\/FMO_20160521_01-150x150.jpg\" width=\"150\" height=\"150\" alt=\"\" \/><\/a>\r\n<\/dt><\/dl><dl class=\"gallery-item\">\n<dt class=\"gallery-icon\">\r\n<a href=\"https:\/\/www.feuerwehr-ibbenbueren.de\/wp-content\/uploads\/2016\/05\/FMO_20160521_02.jpg\" title=\"\" rel=\"gallery1\"><img loading=\"lazy\" decoding=\"async\" src=\"https:\/\/www.feuerwehr-ibbenbueren.de\/wp-content\/uploads\/2016\/05\/FMO_20160521_02-150x150.jpg\" width=\"150\" height=\"150\" alt=\"\" \/><\/a>\r\n<\/dt><\/dl><dl class=\"gallery-item\">\n<dt class=\"gallery-icon\">\r\n<a href=\"https:\/\/www.feuerwehr-ibbenbueren.de\/wp-content\/uploads\/2016\/05\/FMO_20160521_03.jpg\" title=\"\" rel=\"gallery1\"><img loading=\"lazy\" decoding=\"async\" src=\"https:\/\/www.feuerwehr-ibbenbueren.de\/wp-content\/uploads\/2016\/05\/FMO_20160521_03-150x150.jpg\" width=\"150\" height=\"150\" alt=\"\" \/><\/a>\r\n<\/dt><\/dl><dl class=\"gallery-item\">\n<dt class=\"gallery-icon\">\r\n<a href=\"https:\/\/www.feuerwehr-ibbenbueren.de\/wp-content\/uploads\/2016\/05\/FMO_20160521_04.jpg\" title=\"\" rel=\"gallery1\"><img loading=\"lazy\" decoding=\"async\" src=\"https:\/\/www.feuerwehr-ibbenbueren.de\/wp-content\/uploads\/2016\/05\/FMO_20160521_04-150x150.jpg\" width=\"150\" height=\"150\" alt=\"\" \/><\/a>\r\n<\/dt><\/dl><br style=\"clear: both\" \/><dl class=\"gallery-item\">\n<dt class=\"gallery-icon\">\r\n<a href=\"https:\/\/www.feuerwehr-ibbenbueren.de\/wp-content\/uploads\/2016\/05\/FMO_20160521_05.jpg\" title=\"\" rel=\"gallery1\"><img loading=\"lazy\" decoding=\"async\" src=\"https:\/\/www.feuerwehr-ibbenbueren.de\/wp-content\/uploads\/2016\/05\/FMO_20160521_05-150x150.jpg\" width=\"150\" height=\"150\" alt=\"\" \/><\/a>\r\n<\/dt><\/dl><dl class=\"gallery-item\">\n<dt class=\"gallery-icon\">\r\n<a href=\"https:\/\/www.feuerwehr-ibbenbueren.de\/wp-content\/uploads\/2016\/05\/FMO_20160521_06.jpg\" title=\"\" rel=\"gallery1\"><img loading=\"lazy\" decoding=\"async\" src=\"https:\/\/www.feuerwehr-ibbenbueren.de\/wp-content\/uploads\/2016\/05\/FMO_20160521_06-150x150.jpg\" width=\"150\" height=\"150\" alt=\"\" \/><\/a>\r\n<\/dt><\/dl><dl class=\"gallery-item\">\n<dt class=\"gallery-icon\">\r\n<a href=\"https:\/\/www.feuerwehr-ibbenbueren.de\/wp-content\/uploads\/2016\/05\/FMO_20160521_07.jpg\" title=\"\" rel=\"gallery1\"><img loading=\"lazy\" decoding=\"async\" src=\"https:\/\/www.feuerwehr-ibbenbueren.de\/wp-content\/uploads\/2016\/05\/FMO_20160521_07-150x150.jpg\" width=\"150\" height=\"150\" alt=\"\" \/><\/a>\r\n<\/dt><\/dl><dl class=\"gallery-item\">\n<dt class=\"gallery-icon\">\r\n<a href=\"https:\/\/www.feuerwehr-ibbenbueren.de\/wp-content\/uploads\/2016\/05\/FMO_20160521_08.jpg\" title=\"\" rel=\"gallery1\"><img loading=\"lazy\" decoding=\"async\" src=\"https:\/\/www.feuerwehr-ibbenbueren.de\/wp-content\/uploads\/2016\/05\/FMO_20160521_08-150x150.jpg\" width=\"150\" height=\"150\" alt=\"\" \/><\/a>\r\n<\/dt><\/dl><br style=\"clear: both\" \/><dl class=\"gallery-item\">\n<dt class=\"gallery-icon\">\r\n<a href=\"https:\/\/www.feuerwehr-ibbenbueren.de\/wp-content\/uploads\/2016\/05\/FMO_20160521_09.jpg\" title=\"\" rel=\"gallery1\"><img loading=\"lazy\" decoding=\"async\" src=\"https:\/\/www.feuerwehr-ibbenbueren.de\/wp-content\/uploads\/2016\/05\/FMO_20160521_09-150x150.jpg\" width=\"150\" height=\"150\" alt=\"\" \/><\/a>\r\n<\/dt><\/dl><dl class=\"gallery-item\">\n<dt class=\"gallery-icon\">\r\n<a href=\"https:\/\/www.feuerwehr-ibbenbueren.de\/wp-content\/uploads\/2016\/05\/FMO_20160521_10.jpg\" title=\"\" rel=\"gallery1\"><img loading=\"lazy\" decoding=\"async\" src=\"https:\/\/www.feuerwehr-ibbenbueren.de\/wp-content\/uploads\/2016\/05\/FMO_20160521_10-150x150.jpg\" width=\"150\" height=\"150\" alt=\"\" \/><\/a>\r\n<\/dt><\/dl><dl class=\"gallery-item\">\n<dt class=\"gallery-icon\">\r\n<a href=\"https:\/\/www.feuerwehr-ibbenbueren.de\/wp-content\/uploads\/2016\/05\/FMO_20160521_11.jpg\" title=\"\" rel=\"gallery1\"><img loading=\"lazy\" decoding=\"async\" src=\"https:\/\/www.feuerwehr-ibbenbueren.de\/wp-content\/uploads\/2016\/05\/FMO_20160521_11-150x150.jpg\" width=\"150\" height=\"150\" alt=\"\" \/><\/a>\r\n<\/dt><\/dl><dl class=\"gallery-item\">\n<dt class=\"gallery-icon\">\r\n<a href=\"https:\/\/www.feuerwehr-ibbenbueren.de\/wp-content\/uploads\/2016\/05\/FMO_20160521_12.jpg\" title=\"\" rel=\"gallery1\"><img loading=\"lazy\" decoding=\"async\" src=\"https:\/\/www.feuerwehr-ibbenbueren.de\/wp-content\/uploads\/2016\/05\/FMO_20160521_12-150x150.jpg\" width=\"150\" height=\"150\" alt=\"\" \/><\/a>\r\n<\/dt><\/dl><br style=\"clear: both\" \/><dl class=\"gallery-item\">\n<dt class=\"gallery-icon\">\r\n<a href=\"https:\/\/www.feuerwehr-ibbenbueren.de\/wp-content\/uploads\/2016\/05\/FMO_20160521_13.jpg\" title=\"\" rel=\"gallery1\"><img loading=\"lazy\" decoding=\"async\" src=\"https:\/\/www.feuerwehr-ibbenbueren.de\/wp-content\/uploads\/2016\/05\/FMO_20160521_13-150x150.jpg\" width=\"150\" height=\"150\" alt=\"\" \/><\/a>\r\n<\/dt><\/dl>\r\n\t\t\t<br style='clear: both' \/>\r\n\t\t<\/div>\n\n","protected":false},"excerpt":{"rendered":"<p>Einsatzbericht:\u00a0Am Samstag, dem 21.5.2016, wurde die Feuerwehr Ibbenb\u00fcren im Rahmen der \u00fcber\u00f6rtlichen Hilfe zu einer Notfall\u00fcbung am FMO Flughafen M\u00fcnster\/Osnabr\u00fcck alarmiert.<\/p>\n","protected":false},"author":2,"featured_media":6074,"comment_status":"open","ping_status":"open","sticky":false,"template":"","format":"standard","meta":{"footnotes":""},"categories":[10,5,8,6],"tags":[33,177,60,66,168,162],"class_list":["post-6034","post","type-post","status-publish","format-standard","has-post-thumbnail","hentry","category-alle-beitraege","category-einsaetze","category-information","category-veranstaltungen","tag-doerenthe","tag-fmo","tag-stadtmitte-1","tag-stadtmitte-2","tag-ueberoertliche-hilfe","tag-uebung"],"_links":{"self":[{"href":"https:\/\/www.feuerwehr-ibbenbueren.de\/index.php?rest_route=\/wp\/v2\/posts\/6034","targetHints":{"allow":["GET"]}}],"collection":[{"href":"https:\/\/www.feuerwehr-ibbenbueren.de\/index.php?rest_route=\/wp\/v2\/posts"}],"about":[{"href":"https:\/\/www.feuerwehr-ibbenbueren.de\/index.php?rest_route=\/wp\/v2\/types\/post"}],"author":[{"embeddable":true,"href":"https:\/\/www.feuerwehr-ibbenbueren.de\/index.php?rest_route=\/wp\/v2\/users\/2"}],"replies":[{"embeddable":true,"href":"https:\/\/www.feuerwehr-ibbenbueren.de\/index.php?rest_route=%2Fwp%2Fv2%2Fcomments&post=6034"}],"version-history":[{"count":13,"href":"https:\/\/www.feuerwehr-ibbenbueren.de\/index.php?rest_route=\/wp\/v2\/posts\/6034\/revisions"}],"predecessor-version":[{"id":6080,"href":"https:\/\/www.feuerwehr-ibbenbueren.de\/index.php?rest_route=\/wp\/v2\/posts\/6034\/revisions\/6080"}],"wp:featuredmedia":[{"embeddable":true,"href":"https:\/\/www.feuerwehr-ibbenbueren.de\/index.php?rest_route=\/wp\/v2\/media\/6074"}],"wp:attachment":[{"href":"https:\/\/www.feuerwehr-ibbenbueren.de\/index.php?rest_route=%2Fwp%2Fv2%2Fmedia&parent=6034"}],"wp:term":[{"taxonomy":"category","embeddable":true,"href":"https:\/\/www.feuerwehr-ibbenbueren.de\/index.php?rest_route=%2Fwp%2Fv2%2Fcategories&post=6034"},{"taxonomy":"post_tag","embeddable":true,"href":"https:\/\/www.feuerwehr-ibbenbueren.de\/index.php?rest_route=%2Fwp%2Fv2%2Ftags&post=6034"}],"curies":[{"name":"wp","href":"https:\/\/api.w.org\/{rel}","templated":true}]}}