{"id":6714,"date":"2016-07-01T18:27:09","date_gmt":"2016-07-01T16:27:09","guid":{"rendered":"http:\/\/www.feuerwehr-ibbenbueren.de\/?p=6714"},"modified":"2016-07-02T12:03:01","modified_gmt":"2016-07-02T10:03:01","slug":"betriebsstoffe-aufnehmen-3-2-3-3-3-3-2-3-12-3-2-2-4-2-2-3-5-2-2-2-2-2-2-copy-copy-copy-copy-copy-copy-copy-copy-2-copy","status":"publish","type":"post","link":"https:\/\/www.feuerwehr-ibbenbueren.de\/?p=6714","title":{"rendered":"TH klein"},"content":{"rendered":"<p><strong>Einsatzbericht: <\/strong>Der Dienstbetrieb wurde zu einem &#8222;TH klein&#8220; Einsatz mit der Zusatzinformation &#8222;Garage droht einzust\u00fcrzen&#8220; alarmiert.<\/p>\n<p><!--more--><br \/>\nEin PKW war in eine geschlossene Garage gerollt. Nach einer ersten Erkundung wurde festgestellt, dass es gl\u00fccklicherweise keine Verletzten gab. Die Feuerwehr sicherte den Garagensturz mit Baust\u00fctzen und Bauh\u00f6lzern gegen den drohenden Einsturz.<\/p>\n<p>Die Einsatzstelle wurde den Eigent\u00fcmern \u00fcbergeben.<\/p>\n<p><a href=\"http:\/\/www.nwm-tv.de\/index.php?article_id=2&amp;news=8233\" target=\"_blank\">Link zum Onlinebericht auf Nord-West-Media<\/a><\/p>\n<p>&nbsp;<\/p>\n","protected":false},"excerpt":{"rendered":"<p>Einsatzbericht: Der Dienstbetrieb wurde zu einem &#8222;TH klein&#8220; Einsatz mit der Zusatzinformation &#8222;Garage droht einzust\u00fcrzen&#8220; alarmiert.<\/p>\n","protected":false},"author":7,"featured_media":1829,"comment_status":"open","ping_status":"open","sticky":false,"template":"","format":"standard","meta":{"footnotes":""},"categories":[10,5],"tags":[196,73],"class_list":["post-6714","post","type-post","status-publish","format-standard","has-post-thumbnail","hentry","category-alle-beitraege","category-einsaetze","tag-nur-dienstbetrieb-2016","tag-th"],"_links":{"self":[{"href":"https:\/\/www.feuerwehr-ibbenbueren.de\/index.php?rest_route=\/wp\/v2\/posts\/6714","targetHints":{"allow":["GET"]}}],"collection":[{"href":"https:\/\/www.feuerwehr-ibbenbueren.de\/index.php?rest_route=\/wp\/v2\/posts"}],"about":[{"href":"https:\/\/www.feuerwehr-ibbenbueren.de\/index.php?rest_route=\/wp\/v2\/types\/post"}],"author":[{"embeddable":true,"href":"https:\/\/www.feuerwehr-ibbenbueren.de\/index.php?rest_route=\/wp\/v2\/users\/7"}],"replies":[{"embeddable":true,"href":"https:\/\/www.feuerwehr-ibbenbueren.de\/index.php?rest_route=%2Fwp%2Fv2%2Fcomments&post=6714"}],"version-history":[{"count":6,"href":"https:\/\/www.feuerwehr-ibbenbueren.de\/index.php?rest_route=\/wp\/v2\/posts\/6714\/revisions"}],"predecessor-version":[{"id":6726,"href":"https:\/\/www.feuerwehr-ibbenbueren.de\/index.php?rest_route=\/wp\/v2\/posts\/6714\/revisions\/6726"}],"wp:featuredmedia":[{"embeddable":true,"href":"https:\/\/www.feuerwehr-ibbenbueren.de\/index.php?rest_route=\/wp\/v2\/media\/1829"}],"wp:attachment":[{"href":"https:\/\/www.feuerwehr-ibbenbueren.de\/index.php?rest_route=%2Fwp%2Fv2%2Fmedia&parent=6714"}],"wp:term":[{"taxonomy":"category","embeddable":true,"href":"https:\/\/www.feuerwehr-ibbenbueren.de\/index.php?rest_route=%2Fwp%2Fv2%2Fcategories&post=6714"},{"taxonomy":"post_tag","embeddable":true,"href":"https:\/\/www.feuerwehr-ibbenbueren.de\/index.php?rest_route=%2Fwp%2Fv2%2Ftags&post=6714"}],"curies":[{"name":"wp","href":"https:\/\/api.w.org\/{rel}","templated":true}]}}