{"id":6909,"date":"2016-07-18T16:49:29","date_gmt":"2016-07-18T14:49:29","guid":{"rendered":"http:\/\/www.feuerwehr-ibbenbueren.de\/?p=6909"},"modified":"2016-07-19T20:52:52","modified_gmt":"2016-07-19T18:52:52","slug":"betriebsstoffe-aufnehmen-2-2-2-2-4-2-2-2-2-2-2-4-2-2-5-2-2-4-3-2-2-2-2-2-2-2-2-2-3-copy-copy-2-copy-copy-2-copy-2-copy-2-copy-copy-copy-copy-copy-copy-3-copy-copy-copy","status":"publish","type":"post","link":"https:\/\/www.feuerwehr-ibbenbueren.de\/?p=6909","title":{"rendered":"Wasser im Keller"},"content":{"rendered":"<p><strong>Einsatzbericht:\u00a0<\/strong>Der Dienstbetrieb wurde mit dem Einsatzstichwort &#8222;Wasser_Keller&#8220; alarmiert.<!--more-->In einem Keller war eine geringe Menge Wasser auf dem Fu\u00dfboden. Eine dar\u00fcber liegende Wohnung wurde noch kontrolliert. Keine abschlie\u00dfende Erkenntnis wo das Wasser herkam. Keine weiteren Ma\u00dfnahmen durch die Feuerwehr. Einsatzstelle der Hausverwaltung \u00fcbergeben.<\/p>\n","protected":false},"excerpt":{"rendered":"<p>Einsatzbericht:\u00a0Der Dienstbetrieb wurde mit dem Einsatzstichwort &#8222;Wasser_Keller&#8220; alarmiert.<\/p>\n","protected":false},"author":7,"featured_media":1829,"comment_status":"open","ping_status":"open","sticky":false,"template":"","format":"standard","meta":{"footnotes":""},"categories":[10,5],"tags":[196,73,207],"class_list":["post-6909","post","type-post","status-publish","format-standard","has-post-thumbnail","hentry","category-alle-beitraege","category-einsaetze","tag-nur-dienstbetrieb-2016","tag-th","tag-wasser"],"_links":{"self":[{"href":"https:\/\/www.feuerwehr-ibbenbueren.de\/index.php?rest_route=\/wp\/v2\/posts\/6909","targetHints":{"allow":["GET"]}}],"collection":[{"href":"https:\/\/www.feuerwehr-ibbenbueren.de\/index.php?rest_route=\/wp\/v2\/posts"}],"about":[{"href":"https:\/\/www.feuerwehr-ibbenbueren.de\/index.php?rest_route=\/wp\/v2\/types\/post"}],"author":[{"embeddable":true,"href":"https:\/\/www.feuerwehr-ibbenbueren.de\/index.php?rest_route=\/wp\/v2\/users\/7"}],"replies":[{"embeddable":true,"href":"https:\/\/www.feuerwehr-ibbenbueren.de\/index.php?rest_route=%2Fwp%2Fv2%2Fcomments&post=6909"}],"version-history":[{"count":3,"href":"https:\/\/www.feuerwehr-ibbenbueren.de\/index.php?rest_route=\/wp\/v2\/posts\/6909\/revisions"}],"predecessor-version":[{"id":6924,"href":"https:\/\/www.feuerwehr-ibbenbueren.de\/index.php?rest_route=\/wp\/v2\/posts\/6909\/revisions\/6924"}],"wp:featuredmedia":[{"embeddable":true,"href":"https:\/\/www.feuerwehr-ibbenbueren.de\/index.php?rest_route=\/wp\/v2\/media\/1829"}],"wp:attachment":[{"href":"https:\/\/www.feuerwehr-ibbenbueren.de\/index.php?rest_route=%2Fwp%2Fv2%2Fmedia&parent=6909"}],"wp:term":[{"taxonomy":"category","embeddable":true,"href":"https:\/\/www.feuerwehr-ibbenbueren.de\/index.php?rest_route=%2Fwp%2Fv2%2Fcategories&post=6909"},{"taxonomy":"post_tag","embeddable":true,"href":"https:\/\/www.feuerwehr-ibbenbueren.de\/index.php?rest_route=%2Fwp%2Fv2%2Ftags&post=6909"}],"curies":[{"name":"wp","href":"https:\/\/api.w.org\/{rel}","templated":true}]}}