{"id":7369,"date":"2016-09-04T03:20:40","date_gmt":"2016-09-04T01:20:40","guid":{"rendered":"http:\/\/www.feuerwehr-ibbenbueren.de\/?p=7369"},"modified":"2016-09-04T11:13:26","modified_gmt":"2016-09-04T09:13:26","slug":"kleinbrand-2-2-4-3-3-2-2-2-copy-copy-2-copy-copy-copy-copy-copy-copy-copy-copy-copy-copy-3-copy-copy-copy-2","status":"publish","type":"post","link":"https:\/\/www.feuerwehr-ibbenbueren.de\/?p=7369","title":{"rendered":"Kleinbrand"},"content":{"rendered":"<p><strong>Einsatzbericht: <\/strong>Der Dienstbetrieb wurde zu einem Kleinbrand alarmiert.<!--more--><br \/>\nAuf dem Gel\u00e4nde der ehemaligen Mauritiusgrundschule brannte ein 1,1-m\u00b3-Restm\u00fcllcontainer. Dieser stand direkt am Geb\u00e4ude.<\/p>\n<p>Die ersteintreffende Polizei unternahm erste L\u00f6schversuche und brachte ein zweiten Container aus dem Gefahrenbereich. Mit einem C-Rohr unter PA wurde der Brand gel\u00f6scht. Durch das schnelle Eingreifen der Einsatzkr\u00e4fte konnte eine Ausbreitung auf das Geb\u00e4ude verhindert werden. An der Au\u00dfenfassade entstand jedoch Sachschaden.<\/p>\n<p>Die Einsatzstelle wurde der Polizei \u00fcbergeben.<\/p>\n","protected":false},"excerpt":{"rendered":"<p>Einsatzbericht: Der Dienstbetrieb wurde zu einem Kleinbrand alarmiert.<\/p>\n","protected":false},"author":7,"featured_media":3023,"comment_status":"open","ping_status":"open","sticky":false,"template":"","format":"standard","meta":{"footnotes":""},"categories":[10,5],"tags":[71,79,196],"class_list":["post-7369","post","type-post","status-publish","format-standard","has-post-thumbnail","hentry","category-alle-beitraege","category-einsaetze","tag-feuer","tag-kleinbrand","tag-nur-dienstbetrieb-2016"],"_links":{"self":[{"href":"https:\/\/www.feuerwehr-ibbenbueren.de\/index.php?rest_route=\/wp\/v2\/posts\/7369","targetHints":{"allow":["GET"]}}],"collection":[{"href":"https:\/\/www.feuerwehr-ibbenbueren.de\/index.php?rest_route=\/wp\/v2\/posts"}],"about":[{"href":"https:\/\/www.feuerwehr-ibbenbueren.de\/index.php?rest_route=\/wp\/v2\/types\/post"}],"author":[{"embeddable":true,"href":"https:\/\/www.feuerwehr-ibbenbueren.de\/index.php?rest_route=\/wp\/v2\/users\/7"}],"replies":[{"embeddable":true,"href":"https:\/\/www.feuerwehr-ibbenbueren.de\/index.php?rest_route=%2Fwp%2Fv2%2Fcomments&post=7369"}],"version-history":[{"count":4,"href":"https:\/\/www.feuerwehr-ibbenbueren.de\/index.php?rest_route=\/wp\/v2\/posts\/7369\/revisions"}],"predecessor-version":[{"id":7373,"href":"https:\/\/www.feuerwehr-ibbenbueren.de\/index.php?rest_route=\/wp\/v2\/posts\/7369\/revisions\/7373"}],"wp:featuredmedia":[{"embeddable":true,"href":"https:\/\/www.feuerwehr-ibbenbueren.de\/index.php?rest_route=\/wp\/v2\/media\/3023"}],"wp:attachment":[{"href":"https:\/\/www.feuerwehr-ibbenbueren.de\/index.php?rest_route=%2Fwp%2Fv2%2Fmedia&parent=7369"}],"wp:term":[{"taxonomy":"category","embeddable":true,"href":"https:\/\/www.feuerwehr-ibbenbueren.de\/index.php?rest_route=%2Fwp%2Fv2%2Fcategories&post=7369"},{"taxonomy":"post_tag","embeddable":true,"href":"https:\/\/www.feuerwehr-ibbenbueren.de\/index.php?rest_route=%2Fwp%2Fv2%2Ftags&post=7369"}],"curies":[{"name":"wp","href":"https:\/\/api.w.org\/{rel}","templated":true}]}}