{"id":7471,"date":"2016-09-14T18:36:51","date_gmt":"2016-09-14T16:36:51","guid":{"rendered":"http:\/\/www.feuerwehr-ibbenbueren.de\/?p=7471"},"modified":"2016-09-14T20:27:05","modified_gmt":"2016-09-14T18:27:05","slug":"kleinbrand-2-2-4-3-3-2-2-2-copy-copy-2-copy-copy-copy-copy-copy-copy-copy-copy-copy-copy-3-copy-copy-copy-2-copy-copy-copy-2","status":"publish","type":"post","link":"https:\/\/www.feuerwehr-ibbenbueren.de\/?p=7471","title":{"rendered":"Nachl\u00f6scharbeiten"},"content":{"rendered":"<p><strong>Einsatzbericht: <\/strong>Der Dienstbetrieb wurde zu Nachl\u00f6scharbeiten alarmiert. <!--more-->Die Polizei forderte die Feuerwehr an um ein gro\u00dfes Nutzfeuer, in dem auch Unrat verbrannt wurde, zu l\u00f6schen. Der Dienstbetrieb ging mit einem C-Rohr ca. eine Stunde lang vor, um das Feuer zu bek\u00e4mpfen. Die Einsatzstelle wurde der Polizei \u00fcbergeben.<\/p>\n","protected":false},"excerpt":{"rendered":"<p>Einsatzbericht: Der Dienstbetrieb wurde zu Nachl\u00f6scharbeiten alarmiert.<\/p>\n","protected":false},"author":7,"featured_media":3023,"comment_status":"open","ping_status":"open","sticky":false,"template":"","format":"standard","meta":{"footnotes":""},"categories":[10,5],"tags":[71,79,196],"class_list":["post-7471","post","type-post","status-publish","format-standard","has-post-thumbnail","hentry","category-alle-beitraege","category-einsaetze","tag-feuer","tag-kleinbrand","tag-nur-dienstbetrieb-2016"],"_links":{"self":[{"href":"https:\/\/www.feuerwehr-ibbenbueren.de\/index.php?rest_route=\/wp\/v2\/posts\/7471","targetHints":{"allow":["GET"]}}],"collection":[{"href":"https:\/\/www.feuerwehr-ibbenbueren.de\/index.php?rest_route=\/wp\/v2\/posts"}],"about":[{"href":"https:\/\/www.feuerwehr-ibbenbueren.de\/index.php?rest_route=\/wp\/v2\/types\/post"}],"author":[{"embeddable":true,"href":"https:\/\/www.feuerwehr-ibbenbueren.de\/index.php?rest_route=\/wp\/v2\/users\/7"}],"replies":[{"embeddable":true,"href":"https:\/\/www.feuerwehr-ibbenbueren.de\/index.php?rest_route=%2Fwp%2Fv2%2Fcomments&post=7471"}],"version-history":[{"count":1,"href":"https:\/\/www.feuerwehr-ibbenbueren.de\/index.php?rest_route=\/wp\/v2\/posts\/7471\/revisions"}],"predecessor-version":[{"id":7472,"href":"https:\/\/www.feuerwehr-ibbenbueren.de\/index.php?rest_route=\/wp\/v2\/posts\/7471\/revisions\/7472"}],"wp:featuredmedia":[{"embeddable":true,"href":"https:\/\/www.feuerwehr-ibbenbueren.de\/index.php?rest_route=\/wp\/v2\/media\/3023"}],"wp:attachment":[{"href":"https:\/\/www.feuerwehr-ibbenbueren.de\/index.php?rest_route=%2Fwp%2Fv2%2Fmedia&parent=7471"}],"wp:term":[{"taxonomy":"category","embeddable":true,"href":"https:\/\/www.feuerwehr-ibbenbueren.de\/index.php?rest_route=%2Fwp%2Fv2%2Fcategories&post=7471"},{"taxonomy":"post_tag","embeddable":true,"href":"https:\/\/www.feuerwehr-ibbenbueren.de\/index.php?rest_route=%2Fwp%2Fv2%2Ftags&post=7471"}],"curies":[{"name":"wp","href":"https:\/\/api.w.org\/{rel}","templated":true}]}}