{"id":7576,"date":"2016-09-23T11:40:40","date_gmt":"2016-09-23T09:40:40","guid":{"rendered":"http:\/\/www.feuerwehr-ibbenbueren.de\/?p=7576"},"modified":"2016-09-24T09:35:57","modified_gmt":"2016-09-24T07:35:57","slug":"kleinbrand-2-2-4-3-3-2-2-2-3-2-3-copy-copy-copy-copy-copy-2-copy-2","status":"publish","type":"post","link":"https:\/\/www.feuerwehr-ibbenbueren.de\/?p=7576","title":{"rendered":"Amtshilfe"},"content":{"rendered":"<p><strong>Einsatzbericht:<\/strong>\u00a0Die Polizei forderte die Feuerwehr zu einer Amtshilfe an. <!--more-->\u00dcber eine Steckleiter begaben sich die Feuerwehreinsatzkr\u00e4fte auf einen Balkon. Hier stand eine Balkont\u00fcr schon l\u00e4ngere Zeit offen. Um der Sache auf den Grund gehen zu k\u00f6nnen, wurde die Wohnung betreten und der Polizei die Wohnungst\u00fcr ge\u00f6ffnet.<\/p>\n<p>&nbsp;<\/p>\n<p>&nbsp;<\/p>\n","protected":false},"excerpt":{"rendered":"<p>Einsatzbericht:\u00a0Die Polizei forderte die Feuerwehr zu einer Amtshilfe an.<\/p>\n","protected":false},"author":7,"featured_media":3026,"comment_status":"open","ping_status":"open","sticky":false,"template":"","format":"standard","meta":{"footnotes":""},"categories":[10,5],"tags":[121,196,73],"class_list":["post-7576","post","type-post","status-publish","format-standard","has-post-thumbnail","hentry","category-alle-beitraege","category-einsaetze","tag-amtshilfe","tag-nur-dienstbetrieb-2016","tag-th"],"_links":{"self":[{"href":"https:\/\/www.feuerwehr-ibbenbueren.de\/index.php?rest_route=\/wp\/v2\/posts\/7576","targetHints":{"allow":["GET"]}}],"collection":[{"href":"https:\/\/www.feuerwehr-ibbenbueren.de\/index.php?rest_route=\/wp\/v2\/posts"}],"about":[{"href":"https:\/\/www.feuerwehr-ibbenbueren.de\/index.php?rest_route=\/wp\/v2\/types\/post"}],"author":[{"embeddable":true,"href":"https:\/\/www.feuerwehr-ibbenbueren.de\/index.php?rest_route=\/wp\/v2\/users\/7"}],"replies":[{"embeddable":true,"href":"https:\/\/www.feuerwehr-ibbenbueren.de\/index.php?rest_route=%2Fwp%2Fv2%2Fcomments&post=7576"}],"version-history":[{"count":3,"href":"https:\/\/www.feuerwehr-ibbenbueren.de\/index.php?rest_route=\/wp\/v2\/posts\/7576\/revisions"}],"predecessor-version":[{"id":7585,"href":"https:\/\/www.feuerwehr-ibbenbueren.de\/index.php?rest_route=\/wp\/v2\/posts\/7576\/revisions\/7585"}],"wp:featuredmedia":[{"embeddable":true,"href":"https:\/\/www.feuerwehr-ibbenbueren.de\/index.php?rest_route=\/wp\/v2\/media\/3026"}],"wp:attachment":[{"href":"https:\/\/www.feuerwehr-ibbenbueren.de\/index.php?rest_route=%2Fwp%2Fv2%2Fmedia&parent=7576"}],"wp:term":[{"taxonomy":"category","embeddable":true,"href":"https:\/\/www.feuerwehr-ibbenbueren.de\/index.php?rest_route=%2Fwp%2Fv2%2Fcategories&post=7576"},{"taxonomy":"post_tag","embeddable":true,"href":"https:\/\/www.feuerwehr-ibbenbueren.de\/index.php?rest_route=%2Fwp%2Fv2%2Ftags&post=7576"}],"curies":[{"name":"wp","href":"https:\/\/api.w.org\/{rel}","templated":true}]}}